{"id":2313,"date":"2020-03-22T13:05:29","date_gmt":"2020-03-22T12:05:29","guid":{"rendered":"http:\/\/parafia-klemensow.pl\/?p=2313"},"modified":"2020-03-22T13:07:21","modified_gmt":"2020-03-22T12:07:21","slug":"duchowa-adopcja-dziecka-poczetego","status":"publish","type":"post","link":"https:\/\/parafia-klemensow.pl\/index.php\/2020\/03\/22\/duchowa-adopcja-dziecka-poczetego\/","title":{"rendered":"Duchowa Adopcja Dziecka Pocz\u0119tego"},"content":{"rendered":"\n<p>Mo\u017ce kto\u015b si\u0119 zastanawia: jak 25 marca podj\u0105\u0107 duchow\u0105 adopcj\u0119?<br>\nOt\u00f3\u017c mo\u017cna przez internet &#x1f642;<\/p>\n\n\n\n<p>Wszystko w linku: <a href=\"https:\/\/diecezja.zamojskolubaczowska.pl\/wiadomosci\/2575-duchowa-adopcja-dziecka-poczetego\">https:\/\/diecezja.zamojskolubaczowska.pl\/wiadomosci\/2575-duchowa-adopcja-dziecka-poczetego<\/a><\/p>\n\n\n\n<p><\/p>\n","protected":false},"excerpt":{"rendered":"<p>Mo\u017ce kto\u015b si\u0119 zastanawia: jak 25 marca podj\u0105\u0107 duchow\u0105 adopcj\u0119? Ot\u00f3\u017c mo\u017cna przez internet &#x1f642; Wszystko w linku: https:\/\/diecezja.zamojskolubaczowska.pl\/wiadomosci\/2575-duchowa-adopcja-dziecka-poczetego<\/p>\n","protected":false},"author":5,"featured_media":2316,"comment_status":"closed","ping_status":"open","sticky":false,"template":"","format":"standard","meta":{"footnotes":""},"categories":[13],"tags":[],"class_list":["post-2313","post","type-post","status-publish","format-standard","has-post-thumbnail","hentry","category-aktualnosci"],"wppr_data":{"cwp_meta_box_check":"No"},"_links":{"self":[{"href":"https:\/\/parafia-klemensow.pl\/index.php\/wp-json\/wp\/v2\/posts\/2313","targetHints":{"allow":["GET"]}}],"collection":[{"href":"https:\/\/parafia-klemensow.pl\/index.php\/wp-json\/wp\/v2\/posts"}],"about":[{"href":"https:\/\/parafia-klemensow.pl\/index.php\/wp-json\/wp\/v2\/types\/post"}],"author":[{"embeddable":true,"href":"https:\/\/parafia-klemensow.pl\/index.php\/wp-json\/wp\/v2\/users\/5"}],"replies":[{"embeddable":true,"href":"https:\/\/parafia-klemensow.pl\/index.php\/wp-json\/wp\/v2\/comments?post=2313"}],"version-history":[{"count":2,"href":"https:\/\/parafia-klemensow.pl\/index.php\/wp-json\/wp\/v2\/posts\/2313\/revisions"}],"predecessor-version":[{"id":2317,"href":"https:\/\/parafia-klemensow.pl\/index.php\/wp-json\/wp\/v2\/posts\/2313\/revisions\/2317"}],"wp:featuredmedia":[{"embeddable":true,"href":"https:\/\/parafia-klemensow.pl\/index.php\/wp-json\/wp\/v2\/media\/2316"}],"wp:attachment":[{"href":"https:\/\/parafia-klemensow.pl\/index.php\/wp-json\/wp\/v2\/media?parent=2313"}],"wp:term":[{"taxonomy":"category","embeddable":true,"href":"https:\/\/parafia-klemensow.pl\/index.php\/wp-json\/wp\/v2\/categories?post=2313"},{"taxonomy":"post_tag","embeddable":true,"href":"https:\/\/parafia-klemensow.pl\/index.php\/wp-json\/wp\/v2\/tags?post=2313"}],"curies":[{"name":"wp","href":"https:\/\/api.w.org\/{rel}","templated":true}]}}