{"id":2360,"date":"2020-04-09T19:28:03","date_gmt":"2020-04-09T17:28:03","guid":{"rendered":"http:\/\/parafia-klemensow.pl\/?p=2360"},"modified":"2020-04-10T00:17:17","modified_gmt":"2020-04-09T22:17:17","slug":"modlitwa-w-ogrojcu","status":"publish","type":"post","link":"https:\/\/parafia-klemensow.pl\/index.php\/2020\/04\/09\/modlitwa-w-ogrojcu\/","title":{"rendered":"Modlitwa w Ogr\u00f3jcu"},"content":{"rendered":"\n<figure class=\"wp-block-gallery columns-2 is-cropped wp-block-gallery-1 is-layout-flex wp-block-gallery-is-layout-flex\"><ul class=\"blocks-gallery-grid\"><li class=\"blocks-gallery-item\"><figure><img loading=\"lazy\" decoding=\"async\" width=\"768\" height=\"1024\" src=\"https:\/\/parafia-klemensow.pl\/wp-content\/uploads\/2020\/04\/D223FC75-7155-4963-B191-689E9D9C8788-768x1024.jpeg\" alt=\"\" data-id=\"2361\" data-full-url=\"https:\/\/parafia-klemensow.pl\/wp-content\/uploads\/2020\/04\/D223FC75-7155-4963-B191-689E9D9C8788-scaled.jpeg\" data-link=\"https:\/\/parafia-klemensow.pl\/?attachment_id=2361\" class=\"wp-image-2361\" srcset=\"https:\/\/parafia-klemensow.pl\/wp-content\/uploads\/2020\/04\/D223FC75-7155-4963-B191-689E9D9C8788-768x1024.jpeg 768w, https:\/\/parafia-klemensow.pl\/wp-content\/uploads\/2020\/04\/D223FC75-7155-4963-B191-689E9D9C8788-225x300.jpeg 225w, https:\/\/parafia-klemensow.pl\/wp-content\/uploads\/2020\/04\/D223FC75-7155-4963-B191-689E9D9C8788-1152x1536.jpeg 1152w, https:\/\/parafia-klemensow.pl\/wp-content\/uploads\/2020\/04\/D223FC75-7155-4963-B191-689E9D9C8788-1536x2048.jpeg 1536w, https:\/\/parafia-klemensow.pl\/wp-content\/uploads\/2020\/04\/D223FC75-7155-4963-B191-689E9D9C8788-38x50.jpeg 38w, https:\/\/parafia-klemensow.pl\/wp-content\/uploads\/2020\/04\/D223FC75-7155-4963-B191-689E9D9C8788-830x1107.jpeg 830w, https:\/\/parafia-klemensow.pl\/wp-content\/uploads\/2020\/04\/D223FC75-7155-4963-B191-689E9D9C8788-230x307.jpeg 230w, https:\/\/parafia-klemensow.pl\/wp-content\/uploads\/2020\/04\/D223FC75-7155-4963-B191-689E9D9C8788-350x467.jpeg 350w, https:\/\/parafia-klemensow.pl\/wp-content\/uploads\/2020\/04\/D223FC75-7155-4963-B191-689E9D9C8788-480x640.jpeg 480w, https:\/\/parafia-klemensow.pl\/wp-content\/uploads\/2020\/04\/D223FC75-7155-4963-B191-689E9D9C8788-scaled.jpeg 1920w\" sizes=\"auto, (max-width: 768px) 100vw, 768px\" \/><\/figure><\/li><li class=\"blocks-gallery-item\"><figure><img loading=\"lazy\" decoding=\"async\" width=\"768\" height=\"1024\" src=\"https:\/\/parafia-klemensow.pl\/wp-content\/uploads\/2020\/04\/9428D3E3-2C8D-4F3C-AED8-412D5833E2E1-768x1024.jpeg\" alt=\"\" data-id=\"2362\" data-full-url=\"https:\/\/parafia-klemensow.pl\/wp-content\/uploads\/2020\/04\/9428D3E3-2C8D-4F3C-AED8-412D5833E2E1-scaled.jpeg\" data-link=\"https:\/\/parafia-klemensow.pl\/?attachment_id=2362\" class=\"wp-image-2362\" srcset=\"https:\/\/parafia-klemensow.pl\/wp-content\/uploads\/2020\/04\/9428D3E3-2C8D-4F3C-AED8-412D5833E2E1-768x1024.jpeg 768w, https:\/\/parafia-klemensow.pl\/wp-content\/uploads\/2020\/04\/9428D3E3-2C8D-4F3C-AED8-412D5833E2E1-225x300.jpeg 225w, https:\/\/parafia-klemensow.pl\/wp-content\/uploads\/2020\/04\/9428D3E3-2C8D-4F3C-AED8-412D5833E2E1-1152x1536.jpeg 1152w, https:\/\/parafia-klemensow.pl\/wp-content\/uploads\/2020\/04\/9428D3E3-2C8D-4F3C-AED8-412D5833E2E1-1536x2048.jpeg 1536w, https:\/\/parafia-klemensow.pl\/wp-content\/uploads\/2020\/04\/9428D3E3-2C8D-4F3C-AED8-412D5833E2E1-38x50.jpeg 38w, https:\/\/parafia-klemensow.pl\/wp-content\/uploads\/2020\/04\/9428D3E3-2C8D-4F3C-AED8-412D5833E2E1-830x1107.jpeg 830w, https:\/\/parafia-klemensow.pl\/wp-content\/uploads\/2020\/04\/9428D3E3-2C8D-4F3C-AED8-412D5833E2E1-230x307.jpeg 230w, https:\/\/parafia-klemensow.pl\/wp-content\/uploads\/2020\/04\/9428D3E3-2C8D-4F3C-AED8-412D5833E2E1-350x467.jpeg 350w, https:\/\/parafia-klemensow.pl\/wp-content\/uploads\/2020\/04\/9428D3E3-2C8D-4F3C-AED8-412D5833E2E1-480x640.jpeg 480w, https:\/\/parafia-klemensow.pl\/wp-content\/uploads\/2020\/04\/9428D3E3-2C8D-4F3C-AED8-412D5833E2E1-scaled.jpeg 1920w\" sizes=\"auto, (max-width: 768px) 100vw, 768px\" \/><\/figure><\/li><\/ul><\/figure>\n\n\n\n<p>Ogo\u0142ocony o\u0142tarz po Mszy Wieczerzy Pa\u0144skiej to znak uni\u017cenia i opuszczenia Jezusa, kt\u00f3re prze\u017cywa\u0142 modl\u0105c si\u0119 w Ogr\u00f3jcu po Ostatniej Wieczerzy. Znakiem \u0142\u0105czno\u015bci katolik\u00f3w z Chrystusem w Ogrodzie Oliwnym s\u0105 budowane o\u0142tarze adoracji &#8211; tzw. \u201eCiemnice\u201d. Trwajmy w domu na prywatnej modlitwie razem z Chrystusem w Ogr\u00f3jcu. Warto np. pomodli\u0107 si\u0119 10-tkiem r\u00f3\u017ca\u0144ca (tajemnic\u0105 modlitwy w Ogr\u00f3jcu) lub przeczyta\u0107 fragment Pisma \u015awi\u0119tego, np. Mt 26, 1-56, Mk 14,12-52, \u0141k 22, 39-53 lub J 17, 1 -18, 11. Niech nie zabraknie w nas pami\u0119ci o Jezusie, kt\u00f3ry w tym czasie my\u015bli i modli si\u0119 za nas. &#x1f64f;&#x1f3fb;<\/p>\n","protected":false},"excerpt":{"rendered":"<p>Ogo\u0142ocony o\u0142tarz po Mszy Wieczerzy Pa\u0144skiej to znak uni\u017cenia i opuszczenia Jezusa, kt\u00f3re prze\u017cywa\u0142 modl\u0105c si\u0119 w Ogr\u00f3jcu po Ostatniej Wieczerzy. Znakiem [&hellip;]<\/p>\n","protected":false},"author":5,"featured_media":2361,"comment_status":"closed","ping_status":"open","sticky":false,"template":"","format":"standard","meta":{"footnotes":""},"categories":[13],"tags":[],"class_list":["post-2360","post","type-post","status-publish","format-standard","has-post-thumbnail","hentry","category-aktualnosci"],"wppr_data":{"cwp_meta_box_check":"No"},"_links":{"self":[{"href":"https:\/\/parafia-klemensow.pl\/index.php\/wp-json\/wp\/v2\/posts\/2360","targetHints":{"allow":["GET"]}}],"collection":[{"href":"https:\/\/parafia-klemensow.pl\/index.php\/wp-json\/wp\/v2\/posts"}],"about":[{"href":"https:\/\/parafia-klemensow.pl\/index.php\/wp-json\/wp\/v2\/types\/post"}],"author":[{"embeddable":true,"href":"https:\/\/parafia-klemensow.pl\/index.php\/wp-json\/wp\/v2\/users\/5"}],"replies":[{"embeddable":true,"href":"https:\/\/parafia-klemensow.pl\/index.php\/wp-json\/wp\/v2\/comments?post=2360"}],"version-history":[{"count":2,"href":"https:\/\/parafia-klemensow.pl\/index.php\/wp-json\/wp\/v2\/posts\/2360\/revisions"}],"predecessor-version":[{"id":2364,"href":"https:\/\/parafia-klemensow.pl\/index.php\/wp-json\/wp\/v2\/posts\/2360\/revisions\/2364"}],"wp:featuredmedia":[{"embeddable":true,"href":"https:\/\/parafia-klemensow.pl\/index.php\/wp-json\/wp\/v2\/media\/2361"}],"wp:attachment":[{"href":"https:\/\/parafia-klemensow.pl\/index.php\/wp-json\/wp\/v2\/media?parent=2360"}],"wp:term":[{"taxonomy":"category","embeddable":true,"href":"https:\/\/parafia-klemensow.pl\/index.php\/wp-json\/wp\/v2\/categories?post=2360"},{"taxonomy":"post_tag","embeddable":true,"href":"https:\/\/parafia-klemensow.pl\/index.php\/wp-json\/wp\/v2\/tags?post=2360"}],"curies":[{"name":"wp","href":"https:\/\/api.w.org\/{rel}","templated":true}]}}