{"id":2371,"date":"2020-04-11T22:08:47","date_gmt":"2020-04-11T20:08:47","guid":{"rendered":"http:\/\/parafia-klemensow.pl\/?p=2371"},"modified":"2020-04-11T22:08:47","modified_gmt":"2020-04-11T20:08:47","slug":"zmartwychwstanie","status":"publish","type":"post","link":"https:\/\/parafia-klemensow.pl\/index.php\/2020\/04\/11\/zmartwychwstanie\/","title":{"rendered":"Zmartwychwstanie"},"content":{"rendered":"\n<p>Chrystus zmartwychwsta\u0142!<\/p>\n\n\n\n<p>Niedziela Zmartwychwstania, kt\u00f3rej \u015bwi\u0119towanie rozpocz\u0119li\u015bmy Wigili\u0105 Paschaln\u0105, ko\u0144czy Triduum Paschalne. Do\u015b\u0107 cz\u0119sto w dekoracjach \u015bwi\u0105tecznych, czy to w naszych ko\u015bcio\u0142ach, koszyczkach lub domach spotykamy si\u0119 z figurk\u0105 baranka. \u015awi\u0119to Paschy to \u015bwi\u0119to o ciekawej historii. Najpierw oko\u0142o 3,5 tysi\u0105ca lat temu semiccy pasterze \u015bwi\u0119towali przed wyprowadzeniem stad na pierwszy wiosenny wypas. Zabijano najbardziej okaza\u0142ego jednorocznego baranka. Mi\u0119so spo\u017cywano na uczcie, a&nbsp;krwi\u0105 skrapiano np. progi, odrzwia czy te\u017c \u015bciany namiotu, by chroni\u0142a je przed z\u0142ymi mocami. Gdy Izraelici wychodzili z Egiptu \u015bwi\u0119to zyska\u0142o now\u0105 tre\u015b\u0107. Sta\u0142o si\u0119 \u015bwi\u0119tem wolno\u015bci, wyzwolenia z niewoli egipskiej, aby wej\u015b\u0107 do ziemi obiecanej. Dalej spo\u017cywano baranka, a jego krew oznacza\u0142a ocalenie przed plag\u0105 \u015bmierci pierworodnych.<\/p>\n\n\n\n<p>Chrystus jest wype\u0142nieniem zapowiedzi zawartych w Passze &#8211; barankiem paschalnym. On sam chcia\u0142 i z\u0142o\u017cy\u0142 siebie w ofierze jako baranek, kt\u00f3rego krew ratuje od z\u0142a i g\u0142adzi grzechy.&nbsp;<\/p>\n\n\n\n<p>Cz\u0119sto w naszych ko\u015bcio\u0142ach mo\u017cemy spotka\u0107 wizerunki Baranka siedz\u0105cego na ksi\u0119dze o siedmiu piecz\u0119ciach. Jest to ilustracja jednej z wizji zawartych w Apokalipsie \u015bwi\u0119tego Jana: \u201eI ujrza\u0142em na prawej r\u0119ce zasiadaj\u0105cego na tronie ksi\u0119g\u0119 zapisan\u0105 wewn\u0105trz i na odwrocie zapiecz\u0119towan\u0105 na siedem piecz\u0119ci\u201d (Ap&nbsp;5,1), \u201enikt nie znalaz\u0142 si\u0119 godzien, by ksi\u0119g\u0119 otworzy\u0107 ani na ni\u0105 patrze\u0107\u201d (w. 4), i dalej \u201eI ujrza\u0142em (\u2026) Baranka jakby zabitego (\u2026) On poszed\u0142 i z&nbsp;prawicy Zasiadaj\u0105cego na tronie wzi\u0105\u0142 ksi\u0119g\u0119\u201d (w.7).&nbsp;<\/p>\n\n\n\n<p>Tylko Chrystus jako Baranek Bo\u017cy jest godny wzi\u0105\u0107 ksi\u0119g\u0119 przeznacze\u0144. W obrazie siedmiu piecz\u0119ci mo\u017cemy doszukiwa\u0107 si\u0119 siedmiu tajemnic, siedmiu sakrament\u00f3w, przez kt\u00f3re mamy dost\u0119p do tajemnicy Boga. To w sakramentach spotykamy Zmartwychwsta\u0142ego.&nbsp;<\/p>\n\n\n\n<p>Radosnej Paschy!&nbsp;<\/p>\n\n\n\n<p><\/p>\n\n\n\n<p><\/p>\n","protected":false},"excerpt":{"rendered":"<p>Chrystus zmartwychwsta\u0142! Niedziela Zmartwychwstania, kt\u00f3rej \u015bwi\u0119towanie rozpocz\u0119li\u015bmy Wigili\u0105 Paschaln\u0105, ko\u0144czy Triduum Paschalne. Do\u015b\u0107 cz\u0119sto w dekoracjach \u015bwi\u0105tecznych, czy to w naszych ko\u015bcio\u0142ach, [&hellip;]<\/p>\n","protected":false},"author":5,"featured_media":2372,"comment_status":"closed","ping_status":"open","sticky":false,"template":"","format":"standard","meta":{"footnotes":""},"categories":[13],"tags":[],"class_list":["post-2371","post","type-post","status-publish","format-standard","has-post-thumbnail","hentry","category-aktualnosci"],"wppr_data":{"cwp_meta_box_check":"No"},"_links":{"self":[{"href":"https:\/\/parafia-klemensow.pl\/index.php\/wp-json\/wp\/v2\/posts\/2371","targetHints":{"allow":["GET"]}}],"collection":[{"href":"https:\/\/parafia-klemensow.pl\/index.php\/wp-json\/wp\/v2\/posts"}],"about":[{"href":"https:\/\/parafia-klemensow.pl\/index.php\/wp-json\/wp\/v2\/types\/post"}],"author":[{"embeddable":true,"href":"https:\/\/parafia-klemensow.pl\/index.php\/wp-json\/wp\/v2\/users\/5"}],"replies":[{"embeddable":true,"href":"https:\/\/parafia-klemensow.pl\/index.php\/wp-json\/wp\/v2\/comments?post=2371"}],"version-history":[{"count":1,"href":"https:\/\/parafia-klemensow.pl\/index.php\/wp-json\/wp\/v2\/posts\/2371\/revisions"}],"predecessor-version":[{"id":2373,"href":"https:\/\/parafia-klemensow.pl\/index.php\/wp-json\/wp\/v2\/posts\/2371\/revisions\/2373"}],"wp:featuredmedia":[{"embeddable":true,"href":"https:\/\/parafia-klemensow.pl\/index.php\/wp-json\/wp\/v2\/media\/2372"}],"wp:attachment":[{"href":"https:\/\/parafia-klemensow.pl\/index.php\/wp-json\/wp\/v2\/media?parent=2371"}],"wp:term":[{"taxonomy":"category","embeddable":true,"href":"https:\/\/parafia-klemensow.pl\/index.php\/wp-json\/wp\/v2\/categories?post=2371"},{"taxonomy":"post_tag","embeddable":true,"href":"https:\/\/parafia-klemensow.pl\/index.php\/wp-json\/wp\/v2\/tags?post=2371"}],"curies":[{"name":"wp","href":"https:\/\/api.w.org\/{rel}","templated":true}]}}