{"id":2529,"date":"2020-10-11T08:46:00","date_gmt":"2020-10-11T06:46:00","guid":{"rendered":"http:\/\/parafia-klemensow.pl\/?p=2529"},"modified":"2020-10-10T21:59:07","modified_gmt":"2020-10-10T19:59:07","slug":"rocznica-poswiecenia-swiatyni","status":"publish","type":"post","link":"https:\/\/parafia-klemensow.pl\/index.php\/2020\/10\/11\/rocznica-poswiecenia-swiatyni\/","title":{"rendered":"Rocznica po\u015bwi\u0119cenia \u015bwi\u0105tyni"},"content":{"rendered":"\n<p>Dzi\u015b prze\u017cywamy XX Dzie\u0144 Papieski oraz \u015bwi\u0119tujemy 9. rocznic\u0119 konsekracji ko\u015bcio\u0142a parafialnego. Co \u0142\u0105czy te dwa obchody? Ot\u00f3\u017c kamienie w\u0119gielne (dwa &#8211; jeden z Katakumb, a drugi z rzymskiego Koloseum) pod budow\u0119 ko\u015bcio\u0142a zosta\u0142y po\u015bwi\u0119cone przez \u015bw. Jana Paw\u0142a II. Mia\u0142o to miejsce 14.09.1994 r. podczas pielgrzymki Stra\u017cy Po\u017carnych z Wojew\u00f3dztwa Zamojskiego do Rzymu, w kt\u00f3rej uczestniczy\u0142 \u00f3wczesny proboszcz ks. J\u00f3zef Zwolak.<\/p>\n\n\n\n<div id=\"wp-block-themeisle-blocks-slider-69a539a7\" class=\"wp-block-themeisle-blocks-slider glide\" data-per-view=\"1\" data-gap=\"0\" data-peek=\"0\" data-autoplay=\"true\" data-height=\"400px\" data-hide-arrows=\"false\"><div class=\"glide__track\" data-glide-el=\"track\"><div class=\"glide__slides\"><div class=\"wp-block-themeisle-blocks-slider-item-wrapper glide__slide\" tabindex=\"0\"><figure><img decoding=\"async\" class=\"wp-block-themeisle-blocks-slider-item\" src=\"https:\/\/parafia-klemensow.pl\/wp-content\/uploads\/2020\/10\/poswiecenie-kamieni-wegielnych-Klemensow2-1024x769.jpg\" alt=\"\" title=\"\" data-id=\"2530\"\/><\/figure><\/div><div class=\"wp-block-themeisle-blocks-slider-item-wrapper glide__slide\" tabindex=\"0\"><figure><img decoding=\"async\" class=\"wp-block-themeisle-blocks-slider-item\" src=\"https:\/\/parafia-klemensow.pl\/wp-content\/uploads\/2020\/10\/PoswiecenieKlemensowskiejSwiatyni1-1024x723.jpg\" alt=\"\" title=\"\" data-id=\"2531\"\/><\/figure><\/div><div class=\"wp-block-themeisle-blocks-slider-item-wrapper glide__slide\" tabindex=\"0\"><figure><img decoding=\"async\" class=\"wp-block-themeisle-blocks-slider-item\" src=\"https:\/\/parafia-klemensow.pl\/wp-content\/uploads\/2020\/10\/PoswiecenieKlemensowskiejSwiatyni2-1024x719.jpg\" alt=\"\" title=\"\" data-id=\"2532\"\/><\/figure><\/div><\/div><div class=\"glide__bullets\" data-glide-el=\"controls[nav]\"><button class=\"glide__bullet\" data-glide-dir=\"=0\"><\/button><button class=\"glide__bullet\" data-glide-dir=\"=1\"><\/button><button class=\"glide__bullet\" data-glide-dir=\"=2\"><\/button><\/div><\/div><\/div>\n\n\n\n<figure class=\"wp-block-image size-large\"><img loading=\"lazy\" decoding=\"async\" width=\"820\" height=\"1024\" src=\"https:\/\/parafia-klemensow.pl\/wp-content\/uploads\/2020\/10\/312B62C5-A8D1-4562-8299-A88C549EBA7C-820x1024.jpeg\" alt=\"\" class=\"wp-image-2535\" srcset=\"https:\/\/parafia-klemensow.pl\/wp-content\/uploads\/2020\/10\/312B62C5-A8D1-4562-8299-A88C549EBA7C-820x1024.jpeg 820w, https:\/\/parafia-klemensow.pl\/wp-content\/uploads\/2020\/10\/312B62C5-A8D1-4562-8299-A88C549EBA7C-240x300.jpeg 240w, https:\/\/parafia-klemensow.pl\/wp-content\/uploads\/2020\/10\/312B62C5-A8D1-4562-8299-A88C549EBA7C-768x959.jpeg 768w, https:\/\/parafia-klemensow.pl\/wp-content\/uploads\/2020\/10\/312B62C5-A8D1-4562-8299-A88C549EBA7C-40x50.jpeg 40w, https:\/\/parafia-klemensow.pl\/wp-content\/uploads\/2020\/10\/312B62C5-A8D1-4562-8299-A88C549EBA7C-830x1036.jpeg 830w, https:\/\/parafia-klemensow.pl\/wp-content\/uploads\/2020\/10\/312B62C5-A8D1-4562-8299-A88C549EBA7C-230x287.jpeg 230w, https:\/\/parafia-klemensow.pl\/wp-content\/uploads\/2020\/10\/312B62C5-A8D1-4562-8299-A88C549EBA7C-350x437.jpeg 350w, https:\/\/parafia-klemensow.pl\/wp-content\/uploads\/2020\/10\/312B62C5-A8D1-4562-8299-A88C549EBA7C-480x599.jpeg 480w, https:\/\/parafia-klemensow.pl\/wp-content\/uploads\/2020\/10\/312B62C5-A8D1-4562-8299-A88C549EBA7C.jpeg 1025w\" sizes=\"auto, (max-width: 820px) 100vw, 820px\" \/><\/figure>\n","protected":false},"excerpt":{"rendered":"<p>Dzi\u015b prze\u017cywamy XX Dzie\u0144 Papieski oraz \u015bwi\u0119tujemy 9. rocznic\u0119 konsekracji ko\u015bcio\u0142a parafialnego. Co \u0142\u0105czy te dwa obchody? Ot\u00f3\u017c kamienie w\u0119gielne (dwa &#8211; [&hellip;]<\/p>\n","protected":false},"author":5,"featured_media":2530,"comment_status":"closed","ping_status":"open","sticky":false,"template":"","format":"standard","meta":{"footnotes":""},"categories":[13],"tags":[],"class_list":["post-2529","post","type-post","status-publish","format-standard","has-post-thumbnail","hentry","category-aktualnosci"],"wppr_data":{"cwp_meta_box_check":"No"},"_links":{"self":[{"href":"https:\/\/parafia-klemensow.pl\/index.php\/wp-json\/wp\/v2\/posts\/2529","targetHints":{"allow":["GET"]}}],"collection":[{"href":"https:\/\/parafia-klemensow.pl\/index.php\/wp-json\/wp\/v2\/posts"}],"about":[{"href":"https:\/\/parafia-klemensow.pl\/index.php\/wp-json\/wp\/v2\/types\/post"}],"author":[{"embeddable":true,"href":"https:\/\/parafia-klemensow.pl\/index.php\/wp-json\/wp\/v2\/users\/5"}],"replies":[{"embeddable":true,"href":"https:\/\/parafia-klemensow.pl\/index.php\/wp-json\/wp\/v2\/comments?post=2529"}],"version-history":[{"count":2,"href":"https:\/\/parafia-klemensow.pl\/index.php\/wp-json\/wp\/v2\/posts\/2529\/revisions"}],"predecessor-version":[{"id":2536,"href":"https:\/\/parafia-klemensow.pl\/index.php\/wp-json\/wp\/v2\/posts\/2529\/revisions\/2536"}],"wp:featuredmedia":[{"embeddable":true,"href":"https:\/\/parafia-klemensow.pl\/index.php\/wp-json\/wp\/v2\/media\/2530"}],"wp:attachment":[{"href":"https:\/\/parafia-klemensow.pl\/index.php\/wp-json\/wp\/v2\/media?parent=2529"}],"wp:term":[{"taxonomy":"category","embeddable":true,"href":"https:\/\/parafia-klemensow.pl\/index.php\/wp-json\/wp\/v2\/categories?post=2529"},{"taxonomy":"post_tag","embeddable":true,"href":"https:\/\/parafia-klemensow.pl\/index.php\/wp-json\/wp\/v2\/tags?post=2529"}],"curies":[{"name":"wp","href":"https:\/\/api.w.org\/{rel}","templated":true}]}}