{"id":2543,"date":"2020-10-14T18:51:10","date_gmt":"2020-10-14T16:51:10","guid":{"rendered":"http:\/\/parafia-klemensow.pl\/?p=2543"},"modified":"2020-10-14T18:51:10","modified_gmt":"2020-10-14T16:51:10","slug":"zmarl-pochodzacy-z-naszej-parafii-ks-henryk-zuk","status":"publish","type":"post","link":"https:\/\/parafia-klemensow.pl\/index.php\/2020\/10\/14\/zmarl-pochodzacy-z-naszej-parafii-ks-henryk-zuk\/","title":{"rendered":"Zmar\u0142 pochodz\u0105cy z naszej parafii Ks. Henryk \u017buk"},"content":{"rendered":"\n<p>\u201e<strong>W wieku 85 zmar\u0142 \u015bp. ks. Henryk \u017buk, emerytowany kap\u0142an diecezji siedleckiej. W ostatnich latach mieszka\u0142 w Domu Ksi\u0119\u017cy Emeryt\u00f3w w Siedlcach. Pos\u0142ug\u0119 kap\u0142a\u0144sk\u0105 pe\u0142ni\u0142 przez 60 lat.<\/strong><\/p>\n\n\n\n<p><\/p>\n\n\n\n<p><strong>Ks. Henryk \u017buk (1935-2020)&nbsp;<\/strong><br>Urodzi\u0142 si\u0119 3 lipca 1935 r. w Michalowie w parafii Szczebrzeszyn i tam zosta\u0142 ochrzczony. Jego rodzicami byli Piotr i Marianna z d. Podg\u00f3rna ma\u0142\u017conkowie \u017buk, rolnicy. Ojciec bra\u0142 udzia\u0142 w wojnie obronnej w 1939 r. i po powrocie z niewoli w 1941 r. zmar\u0142. Szko\u0142\u0119 powszechn\u0105 uko\u0144czy\u0142 w 1950 r. w rodzinnej miejscowo\u015bci, a nast\u0119pnie uczy\u0142 si\u0119 Gimnazjum Biskupim (Ni\u017cszym Seminarium Duchownym) w Lublinie. Jednak \u015bwiadectwo maturalne otrzyma\u0142 w 1954 r. w Kielcach, po z\u0142o\u017ceniu eksternistycznie egzamin\u00f3w, poniewa\u017c szko\u0142a w Lublinie by\u0142a pozbawiona przez w\u0142adze PRL prawa przeprowadzania egzamin\u00f3w maturalnych.&nbsp;<\/p>\n\n\n\n<p>Zaraz po maturze wst\u0105pi\u0142 do Seminarium Duchownego&nbsp; Siedlcach i po sze\u015bciu latach studi\u00f3w filozoficzno-teologicznych przyj\u0105\u0142 \u015bwi\u0119cenia kap\u0142a\u0144skie 25 wrze\u015bnia 1960 r. z r\u0105k bpa Ignacego \u015awirskiego.&nbsp;<\/p>\n\n\n\n<p>Jako wikariusz pracowa\u0142 w parafiach: K\u0105kolewnica (1960-1961), Prosty\u0144 (1961), Bia\u0142a Podl., ko\u015bci\u00f3\u0142 filialny \u015bw. Antoniego (1961-1962) jako katecheta, Parys\u00f3w (1962-1963), Uhrusk (1963-1964), Radory\u017c (1964), Piszczac (1964-1966), Ostr\u00f3w Lub. (1966), Prosty\u0144 (1966-1969), Huszlew (1969), W\u0119gr\u00f3w (1969-1970), \u017belech\u00f3w (1970-1971), Skrzeszew (1971-1974).&nbsp;<\/p>\n\n\n\n<p>Z racji zdrowotnych zamieszka\u0142 w Siedlcach, a nast\u0119pnie w latach 1975-1977 pracowa\u0142 jako wikariusz w diecezji koszali\u0144sko-ko\u0142obrzeskiej, a w latach 1977-1979 w diecezji szczeci\u0144sko-kamie\u0144skiej.&nbsp;<br>Po powrocie do diecezji zosta\u0142 z dniem 22 grudnia 1979 r. mianowany rektorem filii duszpasterskiej Ko\u017cuszki, a z dniem 28 listopada 1987 r. zosta\u0142 mianowany proboszczem parafii Ruda Woli\u0144ska. Po osi\u0105gni\u0119ciu wieku emerytalnego zosta\u0142 zwolniony z probostwa i z dniem 14 lipca 2006 r. przeniesiony na emerytur\u0119. Pierwotnie zamieszka\u0142 na plebanii w Ulanie i tam pomaga\u0142 w duszpasterstwie, a od 2011 r. zamieszka\u0142 w Domu Ksi\u0119\u017cy Emeryt\u00f3w w Siedlcach i cz\u0119sto pomaga\u0142 duszpastersko w parafii wojskowej w Siedlcach.&nbsp;<\/p>\n\n\n\n<p>Zmar\u0142 9 pa\u017adziernika 2020 r. w Siedlcach. Prze\u017cy\u0142 85 lata i prawie 60 lat w kap\u0142a\u0144stwie.&nbsp;<\/p>\n\n\n\n<p>Requiescat in pace.\u201d<br>Tekst pochodzi z serwisu podlasie24.pl<\/p>\n\n\n\n<p>(opr. ks. Bernard B\u0142o\u0144ski; ks. PB\/DW\/E\u0141)<\/p>\n\n\n\n<p>Pogrzeb mia\u0142 miejsce we wtorek 13 pa\u017adziernika. O godz. 9:30 zosta\u0142a odprawiona Msza \u015bw. za zmar\u0142ego kap\u0142ana w katedrze siedleckiej, a o 15:00 w ko\u015bciele p.w. \u015aw. Miko\u0142aja w Szczebrzeszynie.<\/p>\n\n\n\n<p>Cia\u0142o zmar\u0142ego kap\u0142ana zosta\u0142o z\u0142o\u017cone w grobowcu rodzinnym na cmentarzu parafialnym w Szczebrzeszynie.<\/p>\n","protected":false},"excerpt":{"rendered":"<p>\u201eW wieku 85 zmar\u0142 \u015bp. ks. Henryk \u017buk, emerytowany kap\u0142an diecezji siedleckiej. W ostatnich latach mieszka\u0142 w Domu Ksi\u0119\u017cy Emeryt\u00f3w w Siedlcach. [&hellip;]<\/p>\n","protected":false},"author":5,"featured_media":2544,"comment_status":"closed","ping_status":"open","sticky":false,"template":"","format":"standard","meta":{"footnotes":""},"categories":[13],"tags":[],"class_list":["post-2543","post","type-post","status-publish","format-standard","has-post-thumbnail","hentry","category-aktualnosci"],"wppr_data":{"cwp_meta_box_check":"No"},"_links":{"self":[{"href":"https:\/\/parafia-klemensow.pl\/index.php\/wp-json\/wp\/v2\/posts\/2543","targetHints":{"allow":["GET"]}}],"collection":[{"href":"https:\/\/parafia-klemensow.pl\/index.php\/wp-json\/wp\/v2\/posts"}],"about":[{"href":"https:\/\/parafia-klemensow.pl\/index.php\/wp-json\/wp\/v2\/types\/post"}],"author":[{"embeddable":true,"href":"https:\/\/parafia-klemensow.pl\/index.php\/wp-json\/wp\/v2\/users\/5"}],"replies":[{"embeddable":true,"href":"https:\/\/parafia-klemensow.pl\/index.php\/wp-json\/wp\/v2\/comments?post=2543"}],"version-history":[{"count":1,"href":"https:\/\/parafia-klemensow.pl\/index.php\/wp-json\/wp\/v2\/posts\/2543\/revisions"}],"predecessor-version":[{"id":2545,"href":"https:\/\/parafia-klemensow.pl\/index.php\/wp-json\/wp\/v2\/posts\/2543\/revisions\/2545"}],"wp:featuredmedia":[{"embeddable":true,"href":"https:\/\/parafia-klemensow.pl\/index.php\/wp-json\/wp\/v2\/media\/2544"}],"wp:attachment":[{"href":"https:\/\/parafia-klemensow.pl\/index.php\/wp-json\/wp\/v2\/media?parent=2543"}],"wp:term":[{"taxonomy":"category","embeddable":true,"href":"https:\/\/parafia-klemensow.pl\/index.php\/wp-json\/wp\/v2\/categories?post=2543"},{"taxonomy":"post_tag","embeddable":true,"href":"https:\/\/parafia-klemensow.pl\/index.php\/wp-json\/wp\/v2\/tags?post=2543"}],"curies":[{"name":"wp","href":"https:\/\/api.w.org\/{rel}","templated":true}]}}