{"id":2562,"date":"2020-10-29T09:24:41","date_gmt":"2020-10-29T08:24:41","guid":{"rendered":"http:\/\/parafia-klemensow.pl\/?p=2562"},"modified":"2020-10-29T09:35:35","modified_gmt":"2020-10-29T08:35:35","slug":"troche-o-1-i-2-listopada-czysccu-i-modlitwie-za-zmarlych","status":"publish","type":"post","link":"https:\/\/parafia-klemensow.pl\/index.php\/2020\/10\/29\/troche-o-1-i-2-listopada-czysccu-i-modlitwie-za-zmarlych\/","title":{"rendered":"Troch\u0119 o 1 i 2 listopada, czy\u015b\u0107cu i modlitwie za zmar\u0142ych\u2026"},"content":{"rendered":"\n<p>Co roku, gdy zbli\u017ca si\u0119 listopad, mo\u017ce w nas pojawia\u0107 si\u0119 pytanie: czym w Ko\u015bciele r\u00f3\u017cni si\u0119 pierwszy i drugi dzie\u0144 listopada? Ot\u00f3\u017c 1 XI obchodzimy Uroczysto\u015b\u0107 Wszystkich \u015awi\u0119tych i zwracamy uwag\u0119 na tych zmar\u0142ych, kt\u00f3rzy s\u0105 ju\u017c w niebie. Nie tylko \u015bwi\u0119tych, kt\u00f3rych wspomnienia s\u0105 wpisane w kalendarzu liturgicznym, ale wszystkich kt\u00f3rzy ju\u017c s\u0105 \u015bwi\u0119tymi, tak\u017ce zmar\u0142ych z&nbsp;naszych rodzin. \u015awi\u0119tymi s\u0105 nie tylko postacie na obrazkach, ale \u015bwi\u0119tymi mog\u0105 r\u00f3wnie dobrze by\u0107 zmarli z Twojej rodziny: mama, tata, dziadek, ciocia albo syn, czy c\u00f3rka.<\/p>\n\n\n\n<p>2 XI, we Wspomnienie wszystkich wiernych zmar\u0142ych koncentrujemy si\u0119 na czy\u015b\u0107cu, czyli na tych zmar\u0142ych, kt\u00f3rzy jeszcze nie s\u0105 w niebie, lecz przygotowuj\u0105 si\u0119 na wej\u015bcie do niego poprzez czy\u015bciec.<\/p>\n\n\n\n<p>Nie wiemy, kto z naszych zmar\u0142ych ju\u017c jest \u015bwi\u0119ty, a kto jeszcze nie i potrzebuje naszej modlitwy. Dlatego przychodzimy na cmentarze, by si\u0119 za nich modli\u0107.<\/p>\n\n\n\n<p>Jak wygl\u0105da \u017cycie po \u015bmierci? Jak dowiadujemy si\u0119 z objawienia, z Pisma \u015awi\u0119tego, moment \u015bmierci jest chwil\u0105, gdy nie\u015bmiertelna dusza zostaje oddzielona od \u015bmiertelnego cia\u0142a. Cia\u0142o zostaje z\u0142o\u017cone w grobie, a dusza trafia na s\u0105d szczeg\u00f3\u0142owy, czyli indywidualny s\u0105d przed Bogiem. Nast\u0119pnie s\u0105 trzy mo\u017cliwo\u015bci: gdy umieramy w stanie \u0142aski u\u015bwi\u0119caj\u0105cej i przyja\u017ani z Bogiem to trafiamy do nieba, gdy w stanie grzechu \u015bmiertelnego to do piek\u0142a, a gdy w stanie \u0142aski, ale jeszcze nie odpokutowali\u015bmy swych grzech\u00f3w to do czy\u015b\u0107ca. Mo\u017cemy tu dostrzec wielk\u0105 rol\u0119 spowiedzi, dzi\u0119ki kt\u00f3rej B\u00f3g odnawia w nas stan \u0142aski u\u015bwi\u0119caj\u0105cej.<\/p>\n\n\n\n<p>Co dalej z dusz\u0105? Na ko\u0144cu \u015bwiata zn\u00f3w po\u0142\u0105czy si\u0119 z cia\u0142em, nast\u0105pi zmartwychwstanie zapowiedziane przez Chrystusa i s\u0105d ostateczny: \u201eNadchodzi bowiem godzina, w kt\u00f3rej wszyscy, kt\u00f3rzy spoczywaj\u0105 w grobach, us\u0142ysz\u0105 g\u0142os Jego: a ci, kt\u00f3rzy pe\u0142nili dobre czyny, p\u00f3jd\u0105 na zmartwychwstanie \u017cycia; ci, kt\u00f3rzy pe\u0142nili z\u0142e czyny &#8211; na zmartwychwstanie pot\u0119pienia.\u201d (J 6,28-29). Wtedy jak wierzymy otrzymamy cia\u0142o o takich w\u0142asno\u015bciach, jakie mia\u0142 Jezus po zmartwychwstaniu, gdy m\u00f3g\u0142 pojawia\u0107 si\u0119 i znika\u0107, przechodzi\u0107 przez zamkni\u0119te drzwi i jednocze\u015bnie zje\u015b\u0107 ryb\u0119 z aposto\u0142ami \u2013 nie by\u0142&nbsp; duchem.<\/p>\n\n\n\n<p>To jest rzeczywisto\u015b\u0107 ostateczna. We wspomnienie wiernych zmar\u0142ych, kt\u00f3re jest obchodzone 2 listopada w Ko\u015bciele ju\u017c od 998 roku, zwracamy uwag\u0119 na czy\u015bciec. A co o nim wiemy? Czy nie jest on jedynie katolickim wymys\u0142em, skoro nie uznaj\u0105 go ani protestanci, ani prawos\u0142awni? Czy Pismo \u015awi\u0119te co\u015b m\u00f3wi na ten temat?<\/p>\n\n\n\n<p>Owszem m\u00f3wi, ale pomi\u0119dzy wierszami, jak \u015bpiewa\u0142a jedna z polskich piosenkarek \u201e\u015bwiat pomi\u0119dzy wierszami, najwi\u0119kszy ukry\u0142 skarb\u201d. W Biblii pomi\u0119dzy wierszami mo\u017cemy doczyta\u0107 o czy\u015b\u0107cu i konieczno\u015bci modlitwy za zmar\u0142ych.<\/p>\n\n\n\n<p>W 1Kor 3,15 \u015bw. Pawe\u0142 zapowiada, \u017ce w dniu pa\u0144skim podczas s\u0105du niekt\u00f3rzy ludzi od razu otrzymaj\u0105 nagrod\u0119, inni ocalej\u0105, ale \u201etak jakby przez ogie\u0144\u201d.<\/p>\n\n\n\n<p>Pan Jezus w kontek\u015bcie grzechu przeciwko Duchowi \u015awi\u0119temu powiedzia\u0142, \u017ce nie zostanie odpuszczony ani w tym \u017cyciu, ani w przysz\u0142ym. Na podstawie tego domniemamy, \u017ce w przysz\u0142ym \u017cyciu jest mo\u017cliwo\u015b\u0107, by niekt\u00f3re grzechy zosta\u0142y odpuszczone.<\/p>\n\n\n\n<p>O czy\u015b\u0107cu i mo\u017cliwo\u015bci modlitwy za zmar\u0142ych \u015bwiadczy tak\u017ce Stary Testament, a konkretnie postawa Judy Machabeusza, przyw\u00f3dcy powstania okre\u015blanego od przydomka jego rodu machabejskim. Juda Machabeusz sk\u0142ada\u0142 Bogu ofiary za swych poleg\u0142ych \u017co\u0142nierzy, aby zostali uwolnieni od grzechu (2 Mch 12,45).<\/p>\n\n\n\n<p>W Katechizmie Ko\u015bcio\u0142a Katolickiego czytamy: \u201eCi, kt\u00f3rzy umieraj\u0105 w \u0142asce i przyja\u017ani z Bogiem, ale nie s\u0105 jeszcze ca\u0142kowicie oczyszczeni, chocia\u017c s\u0105 ju\u017c pewni swego wiecznego zbawienia, przechodz\u0105 po \u015bmierci oczyszczenie, by uzyska\u0107 \u015bwi\u0119to\u015b\u0107 konieczn\u0105 do wej\u015bcia do rado\u015bci nieba.\u201d (KKK 1030)<\/p>\n\n\n\n<p>Czy\u015bciec nie jest wieczny, jest takim przedsionkiem nieba, i trwa tyle, ile dana dusza potrzebuje. Z czym go por\u00f3wna\u0107? Nieraz mo\u017cemy zobaczy\u0107 filmy czy zdj\u0119cia ludzi czekaj\u0105cych na otwarcie sklepu z ekstra promocj\u0105 \u2013 ludzie maj\u0105 wielkie pragnienie zdobycia czego\u015b, ale niestety musz\u0105 poczeka\u0107. Godziny sp\u0119dzane w kolejkach wydaj\u0105 si\u0119 by\u0107 wieczno\u015bci\u0105. Czy\u015bciec jest takim czekaniem. Ale my mo\u017cemy naszym zmar\u0142ym pom\u00f3c, aby skr\u00f3ci\u0107 ich kolejk\u0119: przez modlitw\u0119 w ich intencji oraz ofiarowanie odpust\u00f3w zupe\u0142nych i cz\u0105stkowych. Niebo, ogl\u0105danie Boga, kt\u00f3rego pragnie serce ka\u017cdego cz\u0142owieka jest najwi\u0119kszym prezentem.<\/p>\n\n\n\n<p>Czy\u015bciec jest pewnym przedsionkiem nieba, jednak jak wiemy z r\u00f3\u017cnych prywatnych objawie\u0144 nie jest tam tak jak w niebie. Np. w Dzienniczku \u015bw. Siostry Faustyny mo\u017cemy przeczyta\u0107 o wizji czy\u015b\u0107ca: \u201ezapyta\u0142am si\u0119 Pana Jezusa, za kogo jeszcze mam si\u0119 modli\u0107? Odpowiedzia\u0142 mi Jezus, \u017ce na przysz\u0142\u0105 noc da mi pozna\u0107, za kogo mam si\u0119 modli\u0107. Ujrza\u0142am Anio\u0142a Str\u00f3\u017ca, kt\u00f3ry mi kaza\u0142 p\u00f3j\u015b\u0107 za sob\u0105. W jednej chwili znalaz\u0142am si\u0119 w miejscu mglistym, nape\u0142nionym ogniem, a w nim ca\u0142e mn\u00f3stwo dusz cierpi\u0105cych. Te dusze modl\u0105 si\u0119 bardzo gor\u0105co, ale bez skutku dla siebie, my tylko mo\u017cemy im przyj\u015b\u0107 z pomoc\u0105. P\u0142omienie, kt\u00f3re je pali\u0142y, mnie nie dotyka\u0142y. M\u00f3j Anio\u0142 Str\u00f3\u017c nie odst\u0119powa\u0142 mnie ani na chwil\u0119, l zapyta\u0142am si\u0119 tych dusz, jakie jest ich najwi\u0119ksze cierpienie? l odpowiedzia\u0142y mi jednog\u0142o\u015bnie, \u017ce najwi\u0119ksze dla nich cierpienie to t\u0119sknota za Bogiem. Widzia\u0142am Matk\u0119 Bo\u017c\u0105 odwiedzaj\u0105c\u0105 dusze w Czy\u015b\u0107cu. Dusze nazywaj\u0105 Maryj\u0119 \u201eGwiazd\u0105 Morza\u201d. Ona im przynosi och\u0142od\u0119. Chcia\u0142am wi\u0119cej z nimi porozmawia\u0107, ale m\u00f3j Anio\u0142 Str\u00f3\u017c da\u0142 mi znak do wyj\u015bcia. Wyszli\u015bmy za drzwi wi\u0119zienia cierpi\u0105cych. Us\u0142ysza\u0142am g\u0142os wewn\u0119trzny, kt\u00f3ry powiedzia\u0142: Mi\u0142osierdzie Moje nie chce tego, ale Sprawiedliwo\u015b\u0107 ka\u017ce. Od tej chwili \u015bci\u015blej obcuj\u0119 z duszami cierpi\u0105cymi\u201d (Dzienniczek nr 20).<\/p>\n\n\n\n<p>Zmar\u0142ym mo\u017cemy pom\u00f3c przez modlitw\u0119 za nich, ofiarowanie Komunii \u015bw. w ich intencji, post, czy te\u017c ofiarowanie odpust\u00f3w zupe\u0142nych i cz\u0105stkowych. Gdy czasami jak siostra Faustyna, nie wiemy za kogo si\u0119 modli\u0107, pom\u00f3dlmy si\u0119 za zmar\u0142ych cierpi\u0105cych w czy\u015b\u0107cu.<\/p>\n\n\n\n<p>Jak wiemy, nie ma zmar\u0142ych zapomnianych, czy zmar\u0142ych, za kt\u00f3rych nikt si\u0119 nie modli, bo podczas ka\u017cdej Mszy \u015bw. we wszystkich Ko\u015bcio\u0142ach \u015bwiata podczas Modlitwy Eucharystycznej modlimy si\u0119 za wszystkich zmar\u0142ych. Jednak wa\u017cne, by nie zapomnie\u0107 &nbsp;o swych bliskich zmar\u0142ych. Im nie pomo\u017ce sam znicz, czy wieniec. Im pomo\u017ce nasza modlitwa.<\/p>\n\n\n\n<p>Je\u015bli mo\u017cesz, to pom\u00f3\u017c zmar\u0142ym, kt\u00f3rzy s\u0105 w czy\u015b\u0107cu, aby szybciej ten prezent mogli dosta\u0107. M\u00f3dl si\u0119 za nich, przyjmuj Komuni\u0119 \u015bwi\u0119t\u0105 w ich intencji, ofiaruj odpusty.<\/p>\n\n\n\n<p>Gdy, miejmy nadziej\u0119, spotkamy si\u0119 kiedy\u015b z nimi w Niebie, na pewno nam podzi\u0119kuj\u0105.<\/p>\n","protected":false},"excerpt":{"rendered":"<p>Co roku, gdy zbli\u017ca si\u0119 listopad, mo\u017ce w nas pojawia\u0107 si\u0119 pytanie: czym w Ko\u015bciele r\u00f3\u017cni si\u0119 pierwszy i drugi dzie\u0144 listopada? [&hellip;]<\/p>\n","protected":false},"author":5,"featured_media":2563,"comment_status":"closed","ping_status":"open","sticky":false,"template":"","format":"standard","meta":{"footnotes":""},"categories":[13],"tags":[],"class_list":["post-2562","post","type-post","status-publish","format-standard","has-post-thumbnail","hentry","category-aktualnosci"],"wppr_data":{"cwp_meta_box_check":"No"},"_links":{"self":[{"href":"https:\/\/parafia-klemensow.pl\/index.php\/wp-json\/wp\/v2\/posts\/2562","targetHints":{"allow":["GET"]}}],"collection":[{"href":"https:\/\/parafia-klemensow.pl\/index.php\/wp-json\/wp\/v2\/posts"}],"about":[{"href":"https:\/\/parafia-klemensow.pl\/index.php\/wp-json\/wp\/v2\/types\/post"}],"author":[{"embeddable":true,"href":"https:\/\/parafia-klemensow.pl\/index.php\/wp-json\/wp\/v2\/users\/5"}],"replies":[{"embeddable":true,"href":"https:\/\/parafia-klemensow.pl\/index.php\/wp-json\/wp\/v2\/comments?post=2562"}],"version-history":[{"count":4,"href":"https:\/\/parafia-klemensow.pl\/index.php\/wp-json\/wp\/v2\/posts\/2562\/revisions"}],"predecessor-version":[{"id":2567,"href":"https:\/\/parafia-klemensow.pl\/index.php\/wp-json\/wp\/v2\/posts\/2562\/revisions\/2567"}],"wp:featuredmedia":[{"embeddable":true,"href":"https:\/\/parafia-klemensow.pl\/index.php\/wp-json\/wp\/v2\/media\/2563"}],"wp:attachment":[{"href":"https:\/\/parafia-klemensow.pl\/index.php\/wp-json\/wp\/v2\/media?parent=2562"}],"wp:term":[{"taxonomy":"category","embeddable":true,"href":"https:\/\/parafia-klemensow.pl\/index.php\/wp-json\/wp\/v2\/categories?post=2562"},{"taxonomy":"post_tag","embeddable":true,"href":"https:\/\/parafia-klemensow.pl\/index.php\/wp-json\/wp\/v2\/tags?post=2562"}],"curies":[{"name":"wp","href":"https:\/\/api.w.org\/{rel}","templated":true}]}}