{"id":4220,"date":"2024-09-21T23:01:20","date_gmt":"2024-09-21T21:01:20","guid":{"rendered":"https:\/\/parafia-klemensow.pl\/?p=4220"},"modified":"2024-09-21T23:01:44","modified_gmt":"2024-09-21T21:01:44","slug":"inauguracja-roku-duszpasterskiego","status":"publish","type":"post","link":"https:\/\/parafia-klemensow.pl\/index.php\/2024\/09\/21\/inauguracja-roku-duszpasterskiego\/","title":{"rendered":"Inauguracja roku duszpasterskiego"},"content":{"rendered":"\n<p>W pi\u0105tek 20 wrze\u015bnia rozpocz\u0119li\u015bmy w naszej parafii nowy rok formacyjny dla wsp\u00f3lnot m\u0142odzie\u017cowych. Spotkanie rozpocz\u0119\u0142o si\u0119 Msz\u0105 \u015bw., po kt\u00f3rej nast\u0105pi\u0142a adoracja Naj\u015bwi\u0119tszego Sakramentu w nawi\u0105zaniu do postaci \u015bw. Stanis\u0142awa Kostki wspomnianego dwa dni wcze\u015bniej. Nast\u0119pnie m\u0142odzie\u017c zgromadzi\u0142a si\u0119 przy ognisku gdzie mog\u0142a upiec pianki i ziemniaki. Na koniec w sali duszpasterskiej zosta\u0142 im nakre\u015blony program spotka\u0144.<\/p>\n\n\n\n<p>M\u0142odzie\u017c w naszej parafii mo\u017ce spotyka\u0107 si\u0119 w ramach trzech grup duszpasterskich:<\/p>\n\n\n\n<ul class=\"wp-block-list\">\n<li>Oaza &#8211; Ruch \u015awiat\u0142o-\u017bycie<\/li>\n\n\n\n<li>Katolickie Stowarzyszenie M\u0142odzie\u017cy<\/li>\n\n\n\n<li>Liturgiczna S\u0142u\u017cba O\u0142tarza<\/li>\n<\/ul>\n\n\n\n<p>Spotkania Oazy m\u0142odzie\u017cowej i KSM b\u0119d\u0105 odbywa\u0107 si\u0119 w pi\u0105tki po mszy \u015bw. 0 godz. 17.00, a ministrant\u00f3w w soboty o godz 11.00<\/p>\n\n\n\n<p>Serdecznie zapraszamy (o:<\/p>\n\n\n\n<figure class=\"wp-block-gallery has-nested-images columns-default is-cropped wp-block-gallery-1 is-layout-flex wp-block-gallery-is-layout-flex\">\n<figure class=\"wp-block-image size-large\"><img loading=\"lazy\" decoding=\"async\" width=\"1024\" height=\"768\" data-id=\"4222\" src=\"https:\/\/parafia-klemensow.pl\/wp-content\/uploads\/2024\/09\/IMG_20240920_184513-1024x768.jpg\" alt=\"\" class=\"wp-image-4222\" srcset=\"https:\/\/parafia-klemensow.pl\/wp-content\/uploads\/2024\/09\/IMG_20240920_184513-1024x768.jpg 1024w, https:\/\/parafia-klemensow.pl\/wp-content\/uploads\/2024\/09\/IMG_20240920_184513-300x225.jpg 300w, https:\/\/parafia-klemensow.pl\/wp-content\/uploads\/2024\/09\/IMG_20240920_184513-768x576.jpg 768w, https:\/\/parafia-klemensow.pl\/wp-content\/uploads\/2024\/09\/IMG_20240920_184513-1536x1152.jpg 1536w, https:\/\/parafia-klemensow.pl\/wp-content\/uploads\/2024\/09\/IMG_20240920_184513-2048x1536.jpg 2048w, https:\/\/parafia-klemensow.pl\/wp-content\/uploads\/2024\/09\/IMG_20240920_184513-50x38.jpg 50w, https:\/\/parafia-klemensow.pl\/wp-content\/uploads\/2024\/09\/IMG_20240920_184513-1000x750.jpg 1000w, https:\/\/parafia-klemensow.pl\/wp-content\/uploads\/2024\/09\/IMG_20240920_184513-230x173.jpg 230w, https:\/\/parafia-klemensow.pl\/wp-content\/uploads\/2024\/09\/IMG_20240920_184513-350x263.jpg 350w, https:\/\/parafia-klemensow.pl\/wp-content\/uploads\/2024\/09\/IMG_20240920_184513-480x360.jpg 480w\" sizes=\"auto, (max-width: 1024px) 100vw, 1024px\" \/><\/figure>\n<\/figure>\n\n\n\n<p><\/p>\n","protected":false},"excerpt":{"rendered":"<p>W pi\u0105tek 20 wrze\u015bnia rozpocz\u0119li\u015bmy w naszej parafii nowy rok formacyjny dla wsp\u00f3lnot m\u0142odzie\u017cowych. Spotkanie rozpocz\u0119\u0142o si\u0119 Msz\u0105 \u015bw., po kt\u00f3rej nast\u0105pi\u0142a [&hellip;]<\/p>\n","protected":false},"author":5,"featured_media":4222,"comment_status":"closed","ping_status":"open","sticky":false,"template":"","format":"standard","meta":{"footnotes":""},"categories":[13,15],"tags":[],"class_list":["post-4220","post","type-post","status-publish","format-standard","has-post-thumbnail","hentry","category-aktualnosci","category-galeria-zdjec"],"wppr_data":[],"_links":{"self":[{"href":"https:\/\/parafia-klemensow.pl\/index.php\/wp-json\/wp\/v2\/posts\/4220","targetHints":{"allow":["GET"]}}],"collection":[{"href":"https:\/\/parafia-klemensow.pl\/index.php\/wp-json\/wp\/v2\/posts"}],"about":[{"href":"https:\/\/parafia-klemensow.pl\/index.php\/wp-json\/wp\/v2\/types\/post"}],"author":[{"embeddable":true,"href":"https:\/\/parafia-klemensow.pl\/index.php\/wp-json\/wp\/v2\/users\/5"}],"replies":[{"embeddable":true,"href":"https:\/\/parafia-klemensow.pl\/index.php\/wp-json\/wp\/v2\/comments?post=4220"}],"version-history":[{"count":1,"href":"https:\/\/parafia-klemensow.pl\/index.php\/wp-json\/wp\/v2\/posts\/4220\/revisions"}],"predecessor-version":[{"id":4223,"href":"https:\/\/parafia-klemensow.pl\/index.php\/wp-json\/wp\/v2\/posts\/4220\/revisions\/4223"}],"wp:featuredmedia":[{"embeddable":true,"href":"https:\/\/parafia-klemensow.pl\/index.php\/wp-json\/wp\/v2\/media\/4222"}],"wp:attachment":[{"href":"https:\/\/parafia-klemensow.pl\/index.php\/wp-json\/wp\/v2\/media?parent=4220"}],"wp:term":[{"taxonomy":"category","embeddable":true,"href":"https:\/\/parafia-klemensow.pl\/index.php\/wp-json\/wp\/v2\/categories?post=4220"},{"taxonomy":"post_tag","embeddable":true,"href":"https:\/\/parafia-klemensow.pl\/index.php\/wp-json\/wp\/v2\/tags?post=4220"}],"curies":[{"name":"wp","href":"https:\/\/api.w.org\/{rel}","templated":true}]}}