{"id":4226,"date":"2024-09-21T23:14:52","date_gmt":"2024-09-21T21:14:52","guid":{"rendered":"https:\/\/parafia-klemensow.pl\/?p=4226"},"modified":"2024-09-21T23:14:53","modified_gmt":"2024-09-21T21:14:53","slug":"zaproszenie-na-misje-parafialne-w-dniach-29-wrzesnia-6-pazdziernika-2024","status":"publish","type":"post","link":"https:\/\/parafia-klemensow.pl\/index.php\/2024\/09\/21\/zaproszenie-na-misje-parafialne-w-dniach-29-wrzesnia-6-pazdziernika-2024\/","title":{"rendered":"Zaproszenie na Misje parafialne w dniach 29 wrze\u015bnia &#8211; 6 pa\u017adziernika 2024"},"content":{"rendered":"\n<p><strong>Drodzy Parafianie!<\/strong><\/p>\n\n\n\n<p>&nbsp;&nbsp;&nbsp;&nbsp;Ju\u017c tylko dni dziel\u0105 nas od&nbsp;rozpocz\u0119cia w&nbsp;naszej parafii Misji \u015awi\u0119tych. Dwa tysi\u0105ce lat temu, kiedy Jezus, nasz Zbawiciel przyszed\u0142 na&nbsp;ziemi\u0119, pragn\u0105\u0142 og\u0142osi\u0107 \u015bwiatu, \u017ce&nbsp;B\u00f3g naprawd\u0119<br>i do&nbsp;ko\u0144ca kocha ka\u017cdego cz\u0142owieka. To&nbsp;by\u0142a Jego misja okupiona Ofiar\u0105 Golgoty. Ta Chrystusowa misja&nbsp;&nbsp;&nbsp; nie&nbsp;zatrzyma\u0142a si\u0119 w czasie, trwa nieustannie, a\u017c po dzie\u0144 dzisiejszy. Ten sam Chrystus, kt\u00f3rego znamy<br>z&nbsp; Ewangelii i za&nbsp;kt\u00f3rym idziemy drogami wiary przyjdzie do&nbsp;naszej parafii ze&nbsp;swoim s\u0142owem, przebaczeniem i&nbsp;mi\u0142o\u015bci\u0105. To&nbsp;s\u0105&nbsp;Misje \u015awi\u0119te.&nbsp;<\/p>\n\n\n\n<p>&nbsp;&nbsp;&nbsp;&nbsp;Jeste\u015bmy pokoleniem ludzi \u017cyj\u0105cych w ci\u0105g\u0142ym &nbsp;po\u015bpiechu. W&nbsp;zabieganiu wok\u00f3\u0142 codziennych spraw, problem\u00f3w, trudnych wybor\u00f3w i decyzji, cz\u0119sto gubimy to, co najwa\u017cniejsze. Misje \u015awi\u0119te s\u0105 czasem zatrzymania si\u0119<br>w drodze. S\u0105 czasem wewn\u0119trznego zadumania si\u0119 nad swoim \u017cyciem; aby m\u00f3c do\u015bwiadczy\u0107 spotkania<br>z Chrystusem, odnale\u017a\u0107 sens naszego \u017cycia i by\u0107 mo\u017ce, dla niejednego \u2013 jeszcze raz rozpocz\u0105\u0107 wszystko od&nbsp;nowa.<\/p>\n\n\n\n<p>&nbsp;&nbsp;&nbsp;&nbsp;Droga Siostro i Bracie, przyjmij serdeczne zaproszenie do uczestnictwa<br>w Misjach \u015awi\u0119tych. S\u0105&nbsp;one dla Ciebie, kt\u00f3ry nie wyobra\u017casz sobie \u017cycia bez Boga \u2013 aby\u015b zosta\u0142 umocniony; s\u0105 one dla tych, kt\u00f3rzy ulegli zniech\u0119ceniu<br>i zw\u0105tpieniu \u2013 aby mogli odnale\u017a\u0107&nbsp; nadziej\u0119; s\u0105 one r\u00f3wnie\u017c dla tych, kt\u00f3rzy zoboj\u0119tnieli i odeszli \u2013 aby mogli powr\u00f3ci\u0107.<\/p>\n\n\n\n<p>&nbsp;&nbsp;&nbsp;&nbsp;Licz\u0105c na&nbsp;dobr\u0105 wol\u0119, zrozumienie i&nbsp;przyj\u0119cie zaproszenia oddajemy ca\u0142\u0105 Rodzin\u0119 Parafialn\u0105 pod opiek\u0119 Naj\u015bwi\u0119tszego Serca Pana Jezusa<br>i prosimy Was o modlitw\u0119, obecno\u015b\u0107, wsp\u00f3lne motywowanie si\u0119 do&nbsp; skorzystania z tego \u015bwi\u0119tego czasu.<\/p>\n\n\n\n<p><strong><em>Wasi duszpasterze i&nbsp;misjonarz<br>O. Andrzej \u0141abuda Redemptorysta<\/em><\/strong><\/p>\n\n\n\n<p><\/p>\n\n\n\n<p><strong>Program Misji \u015awi\u0119tych<\/strong><\/p>\n\n\n\n<p><strong>Niedziela \u2013 29.09.2024.<\/strong><\/p>\n\n\n\n<p><strong><em>B\u00d3G JEST MI\u0141O\u015aCI\u0104<\/em><\/strong><\/p>\n\n\n\n<p>godz. 8.00. \u2013 Msza \u015bw. z nauk\u0105 dla wszystkich<\/p>\n\n\n\n<p>godz. 10.00. \u2013 Msza \u015bw. z nauk\u0105 dla wszystkich<\/p>\n\n\n\n<p><strong>godz. 12.00. \u2013 Uroczyste rozpocz\u0119cie Misji \u015bw. &#8211;&nbsp; Msza \u015bw. z nauk\u0105 dla wszystkich<\/strong><\/p>\n\n\n\n<p>godz. 21.00. \u2013 Apel Maryjny<\/p>\n\n\n\n<p><strong>Poniedzia\u0142ek \u2013 30.09.2024.<\/strong><\/p>\n\n\n\n<p><strong><em>GRZECH CZ\u0141OWIEKA I <\/em>ZBAWIENIE<em> W JEZUSIE CHRYSTUSIE<\/em><\/strong><\/p>\n\n\n\n<p>godz. 9.00. \u2013 Msza \u015bw. z nauk\u0105 dla wszystkich<\/p>\n\n\n\n<p>godz. 15.30. \u2013 Spotkanie dla dzieci<\/p>\n\n\n\n<p>godz. 17.00. \u2013 Msza \u015bw. z nauk\u0105 dla wszystkich<\/p>\n\n\n\n<p>godz. 21.00. \u2013 Apel Maryjny<\/p>\n\n\n\n<p><strong>Wtorek \u2013 01.10.2024.<\/strong><\/p>\n\n\n\n<p><strong><em>WIARA I NAWR\u00d3CENIE \u2013 MISYJNA UROCZYSTO\u015a\u0106 POJEDNANIA<\/em><\/strong><\/p>\n\n\n\n<p>godz. 9.00. \u2013 Msza \u015bw. z nauk\u0105 i pojednanie si\u0119 we Wsp\u00f3lnocie<\/p>\n\n\n\n<p>godz. 15.30. \u2013 Spotkanie dla dzieci<\/p>\n\n\n\n<p>godz. 17.00. \u2013 Msza \u015bw. z nauk\u0105 i pojednanie si\u0119 we Wsp\u00f3lnocie<\/p>\n\n\n\n<p><strong>godz. 18.15. \u2013 Droga Krzy\u017cowa<\/strong><\/p>\n\n\n\n<p><strong><u>uwaga:<\/u> Sakrament Pojednania od \u015brody!<\/strong><\/p>\n\n\n\n<p><strong>\u015aroda \u2013 02.10.2024.<\/strong><\/p>\n\n\n\n<p><strong><em>\u201eCZUWAJCIE, BO NIE WIECIE, W KT\u00d3RYM DNIU PAN WASZ PRZYJDZIE\u201d Mt 24,42<\/em><\/strong><\/p>\n\n\n\n<p>godz. 9.00. \u2013 Msza \u015bw. z nauk\u0105 dla wszystkich<\/p>\n\n\n\n<p>godz. 15.30. \u2013 Spotkanie dla dzieci<\/p>\n\n\n\n<p>godz. 17.00. \u2013 Msza \u015bw. z nauk\u0105 dla wszystkich<\/p>\n\n\n\n<p>godz. 21.00. \u2013 Apel Maryjny<\/p>\n\n\n\n<p><strong>Czwartek \u2013 03.10.2024.<\/strong><\/p>\n\n\n\n<p><strong><em>JEZUS JEST MOIM PANEM<\/em><\/strong><\/p>\n\n\n\n<p>godz.&nbsp;&nbsp; 9.00. \u2013 Uroczysto\u015b\u0107 opowiedzenia si\u0119 za Chrystusem<\/p>\n\n\n\n<p>godz. 17.00. \u2013 Uroczysto\u015b\u0107 opowiedzenia si\u0119 za Chrystusem<\/p>\n\n\n\n<p>godz. 18.15. \u2013 Spotkanie dla m\u0142odzie\u017cy <\/p>\n\n\n\n<p>&#8211; pr\u00f3ba dla m\u0142odzie\u017cy przygotowuj\u0105cej si\u0119 do sakramentu Bierzmowania<\/p>\n\n\n\n<p>godz. 21.00. \u2013 Apel Maryjny<\/p>\n\n\n\n<p><strong>Pi\u0105tek \u2013 04.10.2024.<\/strong><\/p>\n\n\n\n<p><strong><em>MISYJNA UROCZYSTO\u015a\u0106 ODNOWIENIA \u015aLUB\u00d3W MA\u0141\u017bE\u0143SKICH<\/em><\/strong><\/p>\n\n\n\n<p>godz.&nbsp;&nbsp; 9.00. \u2013 Uroczysto\u015b\u0107 odnowienia \u015blub\u00f3w ma\u0142\u017ce\u0144skich<\/p>\n\n\n\n<p>godz. 17.00. \u2013 Uroczysto\u015b\u0107 odnowienia \u015blub\u00f3w ma\u0142\u017ce\u0144skich<\/p>\n\n\n\n<p>godz. 18.15. \u2013 Spotkanie dla m\u0142odzie\u017cy <\/p>\n\n\n\n<p>&#8211; pr\u00f3ba dla m\u0142odzie\u017cy przygotowuj\u0105cej si\u0119 do sakramentu Bierzmowania<\/p>\n\n\n\n<p><strong>Sobota \u2013 05.10.2024.<\/strong><\/p>\n\n\n\n<p><strong><em>\u201eOTO MATKA TWOJA\u201d \u2013 Ew. \u015bw. Jana<\/em><\/strong><\/p>\n\n\n\n<p>godz. 9.00. \u2013 Msza \u015bw. z nauk\u0105 z Sakramentem Chorych<\/p>\n\n\n\n<p>godz. 17.00. \u2013 Msza \u015bw. z nauk\u0105 oraz Akt zawierzenia Matce Bo\u017cej<\/p>\n\n\n\n<p><strong><u>uwaga:<\/u> odwiedziny os\u00f3b chorych w domach od godz. 10.30.<\/strong><\/p>\n\n\n\n<p><strong>Niedziela \u2013 06.10.2024.<\/strong><\/p>\n\n\n\n<p><strong><em>WY B\u0118DZIECIE \u015aWIADCZY\u0106 O TYM WSZYSTKIM<\/em><\/strong><\/p>\n\n\n\n<p>godz. 8.00.- Msza \u015bw. na zako\u0144czenie Misji \u015bwi\u0119tych<\/p>\n\n\n\n<p>godz. 10.00. \u2013 Msza \u015bw. na zako\u0144czenie Misji \u015bwi\u0119tych<\/p>\n\n\n\n<p><strong>godz. 12.00. \u2013 Uroczyste zako\u0144czenie Misji \u015bwi\u0119tych:<\/strong><\/p>\n\n\n\n<ul class=\"wp-block-list\">\n<li><strong>Msza \u015bw. z nauk\u0105 dla wszystkich,<\/strong><\/li>\n\n\n\n<li><strong>Po\u015bwi\u0119cenie Krzy\u017ca Misyjnego,\u00a0 Wyznanie Wiary,<\/strong><\/li>\n\n\n\n<li><strong>B\u0142ogos\u0142awie\u0144stwo z Odpustem zupe\u0142nym<\/strong><\/li>\n<\/ul>\n\n\n\n<p><strong>Misje \u015bwi\u0119te prowadzi \u2013 O. Andrzej \u0141abuda Redemptorysta<\/strong><\/p>\n\n\n\n<p><\/p>\n","protected":false},"excerpt":{"rendered":"<p>Drodzy Parafianie! &nbsp;&nbsp;&nbsp;&nbsp;Ju\u017c tylko dni dziel\u0105 nas od&nbsp;rozpocz\u0119cia w&nbsp;naszej parafii Misji \u015awi\u0119tych. Dwa tysi\u0105ce lat temu, kiedy Jezus, nasz Zbawiciel przyszed\u0142 na&nbsp;ziemi\u0119, [&hellip;]<\/p>\n","protected":false},"author":5,"featured_media":0,"comment_status":"closed","ping_status":"open","sticky":false,"template":"","format":"standard","meta":{"footnotes":""},"categories":[13,1],"tags":[],"class_list":["post-4226","post","type-post","status-publish","format-standard","hentry","category-aktualnosci","category-kosciol"],"wppr_data":[],"_links":{"self":[{"href":"https:\/\/parafia-klemensow.pl\/index.php\/wp-json\/wp\/v2\/posts\/4226","targetHints":{"allow":["GET"]}}],"collection":[{"href":"https:\/\/parafia-klemensow.pl\/index.php\/wp-json\/wp\/v2\/posts"}],"about":[{"href":"https:\/\/parafia-klemensow.pl\/index.php\/wp-json\/wp\/v2\/types\/post"}],"author":[{"embeddable":true,"href":"https:\/\/parafia-klemensow.pl\/index.php\/wp-json\/wp\/v2\/users\/5"}],"replies":[{"embeddable":true,"href":"https:\/\/parafia-klemensow.pl\/index.php\/wp-json\/wp\/v2\/comments?post=4226"}],"version-history":[{"count":1,"href":"https:\/\/parafia-klemensow.pl\/index.php\/wp-json\/wp\/v2\/posts\/4226\/revisions"}],"predecessor-version":[{"id":4227,"href":"https:\/\/parafia-klemensow.pl\/index.php\/wp-json\/wp\/v2\/posts\/4226\/revisions\/4227"}],"wp:attachment":[{"href":"https:\/\/parafia-klemensow.pl\/index.php\/wp-json\/wp\/v2\/media?parent=4226"}],"wp:term":[{"taxonomy":"category","embeddable":true,"href":"https:\/\/parafia-klemensow.pl\/index.php\/wp-json\/wp\/v2\/categories?post=4226"},{"taxonomy":"post_tag","embeddable":true,"href":"https:\/\/parafia-klemensow.pl\/index.php\/wp-json\/wp\/v2\/tags?post=4226"}],"curies":[{"name":"wp","href":"https:\/\/api.w.org\/{rel}","templated":true}]}}