{"id":4249,"date":"2024-09-24T23:33:42","date_gmt":"2024-09-24T21:33:42","guid":{"rendered":"https:\/\/parafia-klemensow.pl\/?p=4249"},"modified":"2024-09-24T23:43:58","modified_gmt":"2024-09-24T21:43:58","slug":"vi-diecezjalny-bieg-papieski-ksm-w-bodaczowie-11-10-2024-zaproszenie-i-informacje","status":"publish","type":"post","link":"https:\/\/parafia-klemensow.pl\/index.php\/2024\/09\/24\/vi-diecezjalny-bieg-papieski-ksm-w-bodaczowie-11-10-2024-zaproszenie-i-informacje\/","title":{"rendered":"VI DIECEZJALNY BIEG PAPIESKI KSM    W BODACZOWIE 11.10.2024 &#8211; ZAPROSZENIE I INFORMACJE"},"content":{"rendered":"\n<p>Dnia 11 pa\u017adziernika br. odb\u0119dzie si\u0119 VI diecezjalny Bieg Papieski im. \u015bw. Jana Paw\u0142a II. Pragniemy zaprosi\u0107 szko\u0142y, organizacje, wsp\u00f3lnoty religijne, ko\u0142a wolontariatu i wszystkich ch\u0119tnych. Celem wydarzenia jest zachowanie w pami\u0119ci postaci \u015bw. Jana Paw\u0142a II i uczczenie 46. rocznicy rozpocz\u0119cia jego pontyfikatu oraz promowanie zdrowego i aktywnego stylu \u017cycia, a tak\u017ce zdrowego wsp\u00f3\u0142zawodnictwa mi\u0119dzyszkolnego, zgodnie z kierunkami realizacji polityki o\u015bwiatowej pa\u0144stwa w roku szkolnym 2024\/2025 i wytycznymi p. Rafa\u0142a Kowalika Burmistrza Szczebrzeszyna.<\/p>\n\n\n\n<p>VI Diecezjalny Bieg Papieski im. \u015bw. Jana Paw\u0142a II w tym roku odb\u0119dzie si\u0119 w Bodaczowie.<\/p>\n\n\n\n<p><strong>REGULAMIN<\/strong><\/p>\n\n\n\n<p><a><strong>VI BIEGU PAPIESKIEGO IM. \u015aW. JANA PAW\u0141A II KSM\u00a0W BODACZOWIE<\/strong><\/a><\/p>\n\n\n\n<p><strong>CEL:<\/strong>&nbsp;&nbsp;&nbsp;&nbsp;&nbsp;&nbsp;&nbsp;&nbsp;&nbsp;&nbsp;&nbsp;&nbsp;&nbsp;&nbsp;&nbsp;&nbsp;&nbsp;&nbsp;&nbsp;&nbsp;&nbsp;&nbsp;&nbsp;&nbsp;<\/p>\n\n\n\n<ul class=\"wp-block-list\">\n<li>uczczenie 46. rocznicy pontyfikatu \u015bw. Jana Paw\u0142a II\u00a0\u00a0\u00a0 \u00a0\u00a0\u00a0\u00a0\u00a0\u00a0\u00a0\u00a0<\/li>\n\n\n\n<li>zachowanie w pami\u0119ci postaci \u015bw. Jana Paw\u0142a II<\/li>\n\n\n\n<li>promowanie aktywnego i zdrowego stylu \u017cycia<\/li>\n\n\n\n<li>integracja \u015brodowiska lokalnego<\/li>\n<\/ul>\n\n\n\n<p><strong>ORGANIZATOR:&nbsp;&nbsp;&nbsp;&nbsp;&nbsp;<\/strong><\/p>\n\n\n\n<div class=\"wp-block-group has-global-padding is-layout-constrained wp-block-group-is-layout-constrained\">\n<p><\/p>\n<\/div>\n\n\n\n<ul class=\"wp-block-list\">\n<li>Katolickie Stowarzyszenie M\u0142odzie\u017cy Diecezji Zamojsko-Lubaczowskiej                              oddzia\u0142 przy par. Klemens\u00f3w. Adres: Bodacz\u00f3w 150b, 22-460 Szczebrzeszyn                                         Osoba do kontaktu: Ks. Jerzy Frankiewicz tel. 697\u00a0960\u00a0443                                                           e-mail: <a href=\"mailto:ksjerzyfrankiewicz@gmail.com\">ksjerzyfrankiewicz@gmail.com<\/a><\/li>\n\n\n\n<li>Burmistrz Szczebrzeszyna Rafa\u0142 Kowalik<\/li>\n\n\n\n<li>Szko\u0142a Podstawowa im. Marii Konopnickiej w Bodaczowie<\/li>\n<\/ul>\n\n\n\n<p>e-mail: <a href=\"mailto:sp.bodaczow@wp.pl\">sp.bodaczow@wp.pl<\/a> ,&nbsp; tel. 846821626<strong>&nbsp;&nbsp;&nbsp; <\/strong><strong>&nbsp;&nbsp;&nbsp;&nbsp;&nbsp;&nbsp;&nbsp;&nbsp;&nbsp;&nbsp;&nbsp;&nbsp;&nbsp;&nbsp;&nbsp;&nbsp;&nbsp;&nbsp;&nbsp;&nbsp;&nbsp;&nbsp;&nbsp;&nbsp;&nbsp;&nbsp;&nbsp;&nbsp;&nbsp;&nbsp;&nbsp;&nbsp;&nbsp;&nbsp;&nbsp;&nbsp;&nbsp;<\/strong><\/p>\n\n\n\n<p><strong>MIEJSCE:&nbsp;&nbsp;&nbsp;&nbsp;&nbsp;&nbsp;&nbsp;&nbsp;&nbsp;&nbsp;&nbsp;&nbsp;&nbsp;&nbsp;<\/strong><\/p>\n\n\n\n<p>Start przy ko\u015bciele p.w. Naj\u015bwi\u0119tszego Serca Pana Jezusa w Klemensowie<\/p>\n\n\n\n<p>Meta na stadionie BKS w Bodaczowie<\/p>\n\n\n\n<p><strong>PROGRAM:<\/strong><\/p>\n\n\n\n<p>9.00 &#8211; Msza \u015bw. w ko\u015bciele NSPJ w Klemensowie<\/p>\n\n\n\n<p>10.00 &#8211; Cz\u0119\u015b\u0107 artystyczna<\/p>\n\n\n\n<p>10.30 &#8211; Rejestracja uczestnik\u00f3w<\/p>\n\n\n\n<p>11.00 &#8211; Start biegu z ko\u015bcio\u0142a<\/p>\n\n\n\n<p>w kategoriach: doro\u015bli, liceum, szko\u0142a podstawowa 6-8, szko\u0142a podstawowa 4-5,<\/p>\n\n\n\n<p>szko\u0142a podstawowa 1-3<\/p>\n\n\n\n<p>12.00 &#8211; Pocz\u0119stunek i konkursy &nbsp;w Szkole Podstawowej im. Marii Konopnickiej w Bodaczowie<\/p>\n\n\n\n<p>13.30 &#8211; Zako\u0144czenie<\/p>\n\n\n\n<p><strong>ZG\u0141OSZENIA:<\/strong><\/p>\n\n\n\n<p>Zg\u0142oszenia nale\u017cy dokona\u0107 do <strong><u>6 PA\u0179DZIERNIKA 2024<\/u><\/strong> poprzez wype\u0142nienie karty zg\u0142oszeniowej okre\u015blaj\u0105cej organizacj\u0119 deleguj\u0105c\u0105, liczb\u0119 uczestnik\u00f3w, ich imiona i nazwiska oraz zg\u0142oszenia do konkurencji organizowanych po biegu papieskim i wys\u0142anie jej na adres e-mail: <a href=\"mailto:sp.bodaczow@wp.pl\">sp.bodaczow@wp.pl<\/a><\/p>\n\n\n\n<p><strong>TERMIN:&nbsp;&nbsp;&nbsp;&nbsp;&nbsp;&nbsp;&nbsp;&nbsp;&nbsp;&nbsp;&nbsp;&nbsp;&nbsp;&nbsp;&nbsp;<\/strong><\/p>\n\n\n\n<p>11 pa\u017adziernika 2024 roku&nbsp; \/pi\u0105tek\/<\/p>\n\n\n\n<p>&nbsp; &nbsp;&nbsp;&nbsp;&nbsp;&nbsp;&nbsp;&nbsp;&nbsp;&nbsp;&nbsp;&nbsp;&nbsp;&nbsp;&nbsp;&nbsp;&nbsp;&nbsp;&nbsp;&nbsp;&nbsp;&nbsp;&nbsp;&nbsp;&nbsp;&nbsp;&nbsp;&nbsp;&nbsp;&nbsp;&nbsp;&nbsp;&nbsp; <strong>weryfikacja godz. 10<sup>30<\/sup><\/strong><\/p>\n\n\n\n<p><sup>\u00a0\u00a0\u00a0\u00a0\u00a0\u00a0\u00a0\u00a0\u00a0\u00a0\u00a0\u00a0\u00a0\u00a0\u00a0\u00a0\u00a0\u00a0\u00a0\u00a0\u00a0\u00a0\u00a0\u00a0\u00a0\u00a0\u00a0\u00a0\u00a0\u00a0\u00a0\u00a0\u00a0\u00a0\u00a0\u00a0\u00a0\u00a0\u00a0\u00a0\u00a0\u00a0\u00a0<\/sup>kat. szko\u0142y podstawowe kl. I \u2013 III,<\/p>\n\n\n\n<p>\u00a0\u00a0\u00a0\u00a0\u00a0\u00a0\u00a0\u00a0\u00a0\u00a0\u00a0\u00a0\u00a0\u00a0\u00a0\u00a0\u00a0\u00a0\u00a0\u00a0\u00a0\u00a0\u00a0\u00a0\u00a0\u00a0\u00a0\u00a0\u00a0\u00a0\u00a0\u00a0\u00a0\u00a0 \u00a0kat. szko\u0142y podstawowe kl. IV \u2013 V,<\/p>\n\n\n\n<p>&nbsp;&nbsp;&nbsp;&nbsp;&nbsp;&nbsp;&nbsp;&nbsp;&nbsp;&nbsp;&nbsp;&nbsp;&nbsp;&nbsp;&nbsp;&nbsp;&nbsp;&nbsp;&nbsp;&nbsp;&nbsp;&nbsp;&nbsp;&nbsp;&nbsp;&nbsp;&nbsp;&nbsp;&nbsp;&nbsp;&nbsp;&nbsp;&nbsp;&nbsp; &nbsp;kat. szko\u0142y podstawowe&nbsp; kl. IV \u2013 VIII<\/p>\n\n\n\n<p>&nbsp;&nbsp;&nbsp;&nbsp;&nbsp;&nbsp;&nbsp;&nbsp;&nbsp;&nbsp;&nbsp;&nbsp;&nbsp;&nbsp;&nbsp;&nbsp;&nbsp;&nbsp;&nbsp;&nbsp;&nbsp;&nbsp;&nbsp;&nbsp;&nbsp;&nbsp;&nbsp;&nbsp;&nbsp;&nbsp;&nbsp;&nbsp;&nbsp;&nbsp; &nbsp;kat. szko\u0142y ponadpodstawowe<\/p>\n\n\n\n<p>&nbsp;&nbsp;&nbsp;&nbsp;&nbsp;&nbsp;&nbsp;&nbsp;&nbsp;&nbsp;&nbsp;&nbsp;&nbsp;&nbsp;&nbsp;&nbsp;&nbsp;&nbsp;&nbsp;&nbsp;&nbsp;&nbsp;&nbsp;&nbsp;&nbsp;&nbsp;&nbsp;&nbsp;&nbsp;&nbsp;&nbsp;&nbsp;&nbsp;&nbsp; &nbsp;kat. OPEN<\/p>\n\n\n\n<p>                                     <strong>start\u00a0 godz. 11 <sup>00\u00a0 <\/sup><\/strong><strong>\u00a0\u00a0\u00a0\u00a0\u00a0\u00a0\u00a0\u00a0\u00a0 <\/strong><strong>\u00a0\u00a0\u00a0\u00a0\u00a0\u00a0\u00a0\u00a0\u00a0\u00a0\u00a0\u00a0\u00a0\u00a0\u00a0\u00a0\u00a0\u00a0\u00a0\u00a0\u00a0\u00a0\u00a0<\/strong><\/p>\n\n\n\n<p><strong>DYSTANS:<\/strong>&nbsp;&nbsp;&nbsp;&nbsp;&nbsp; <strong>&nbsp;&nbsp;&nbsp;&nbsp;&nbsp;&nbsp;<\/strong>Trasa &nbsp;\u2013 d\u0142ugo\u015b\u0107<\/p>\n\n\n\n<ul class=\"wp-block-list\">\n<li>szko\u0142y podstawowe kl. I &#8211; III \u2013 250 m<ul><li>szko\u0142y podstawowe kl. IV &#8211; V \u2013 250 m<\/li><\/ul><ul><li>szko\u0142y podstawowe IV &#8211; VIII &#8211; 800 m<\/li><\/ul><ul><li>\u00a0szko\u0142y ponadpodstawowe \u2013 2 km<\/li><\/ul>\n<ul class=\"wp-block-list\">\n<li>\u00a0OPEN &#8211; \u00a02 km<\/li>\n<\/ul>\n<\/li>\n<\/ul>\n\n\n\n<p><strong>UCZESTNICY:<\/strong>&nbsp;&nbsp;&nbsp;&nbsp; Zawodnicy startuj\u0105 w nast\u0119puj\u0105cych kategoriach<\/p>\n\n\n\n<p>&nbsp;&nbsp;&nbsp;&nbsp;&nbsp;&nbsp;&nbsp;&nbsp;&nbsp;&nbsp;&nbsp;&nbsp;&nbsp;&nbsp;&nbsp;&nbsp;&nbsp;&nbsp;&nbsp;&nbsp;&nbsp;&nbsp;&nbsp;&nbsp;&nbsp;&nbsp;&nbsp;&nbsp;&nbsp;&nbsp;&nbsp;&nbsp;&nbsp;&nbsp; &nbsp;kat. szko\u0142y podstawowe kl. I \u2013 III<\/p>\n\n\n\n<p>                                    kat. szko\u0142y podstawowe kl. IV &#8211; V<\/p>\n\n\n\n<p>&nbsp;&nbsp;&nbsp;&nbsp;&nbsp;&nbsp;&nbsp;&nbsp;&nbsp;&nbsp;&nbsp;&nbsp;&nbsp;&nbsp;&nbsp;&nbsp;&nbsp;&nbsp;&nbsp;&nbsp;&nbsp;&nbsp;&nbsp;&nbsp;&nbsp;&nbsp;&nbsp;&nbsp;&nbsp;&nbsp;&nbsp;&nbsp;&nbsp;&nbsp; &nbsp;kat. szko\u0142y podstawowe&nbsp; kl. VII \u2013 VIII<\/p>\n\n\n\n<p>&nbsp;&nbsp;&nbsp;&nbsp;&nbsp;&nbsp;&nbsp;&nbsp;&nbsp;&nbsp;&nbsp;&nbsp;&nbsp;&nbsp;&nbsp;&nbsp;&nbsp;&nbsp;&nbsp;&nbsp;&nbsp;&nbsp;&nbsp;&nbsp;&nbsp;&nbsp;&nbsp;&nbsp;&nbsp;&nbsp;&nbsp;&nbsp;&nbsp;&nbsp; &nbsp;kat. szko\u0142y ponadpodstawowe<\/p>\n\n\n\n<p>&nbsp;&nbsp;&nbsp;&nbsp;&nbsp;&nbsp;&nbsp;&nbsp;&nbsp;&nbsp;&nbsp;&nbsp;&nbsp;&nbsp;&nbsp;&nbsp;&nbsp;&nbsp;&nbsp;&nbsp;&nbsp;&nbsp;&nbsp;&nbsp;&nbsp;&nbsp;&nbsp;&nbsp;&nbsp;&nbsp;&nbsp;&nbsp;&nbsp;&nbsp; &nbsp;kat. OPEN \u2013 dla doros\u0142ych<\/p>\n\n\n\n<p>W kategoriach: szk\u00f3\u0142 podstawowych, szk\u00f3\u0142 ponadpodstawowych dziewcz\u0119ta i ch\u0142opcy startuj\u0105 oddzielnie.<\/p>\n\n\n\n<p><strong>KONKURENCJE:<\/strong><\/p>\n\n\n\n<p>Po biegu i pocz\u0119stunku reprezentacje szk\u00f3\u0142 i organizacji b\u0119d\u0105 mogli uczestniczy\u0107 w konkurencjach przeci\u0105gania liny i biegu z obk\u0119caniem szalika wok\u00f3\u0142 bioder \u2013 uczesnik\u00f3w nale\u017cy zg\u0142osi\u0107 w karcie zg\u0142oszeniowej\u00a0<\/p>\n\n\n\n<p><strong>NAGRODY:<\/strong>&nbsp;&nbsp;&nbsp;&nbsp;&nbsp;&nbsp;&nbsp;&nbsp;&nbsp;&nbsp;&nbsp;&nbsp;&nbsp;&nbsp;&nbsp;<\/p>\n\n\n\n<p>Dla uczestnik\u00f3w okoliczno\u015bciowe znaczki.&nbsp;&nbsp;&nbsp;&nbsp;&nbsp;&nbsp;&nbsp;&nbsp;&nbsp;<\/p>\n\n\n\n<p>Zwyci\u0119zcy bieg\u00f3w w poszczeg\u00f3lnych kategoriach wiekowych otrzymaj\u0105 medale, dyplomy i nagrody rzeczowe.<\/p>\n\n\n\n<p>Organizatorzy biegu zapewniaj\u0105 uczestnikom ciep\u0142\u0105 herbat\u0119&nbsp; i pocz\u0119stunek.&nbsp;<\/p>\n\n\n\n<p><strong>INNE:&nbsp;&nbsp;&nbsp;&nbsp;&nbsp;&nbsp;&nbsp;&nbsp;&nbsp;&nbsp;&nbsp;&nbsp;&nbsp;&nbsp;&nbsp; &nbsp;&nbsp;&nbsp;&nbsp;&nbsp;&nbsp;&nbsp;&nbsp;<\/strong><\/p>\n\n\n\n<p>Prosimy opiekun\u00f3w, nauczycieli, trener\u00f3w oraz uczestnik\u00f3w biegu o <strong>pobieranie kart startowych po cz\u0119\u015bci artystycznej w dniu biegu przed ko\u015bcio\u0142em NSPJ w Klemensowie (Adres: Bodacz\u00f3w 150b)<u>.<\/u><\/strong><\/p>\n\n\n\n<p>Istnieje mo\u017cliwo\u015b\u0107 dopisana zawodnik\u00f3w w dniu startu.<\/p>\n\n\n\n<p>Za schludny ubi\u00f3r zawodnik\u00f3w odpowiada kierownik\/trener.<\/p>\n\n\n\n<p><strong>DANE OSOBOWE:<\/strong><\/p>\n\n\n\n<p>Podczas VI Biegu Papieskiego wykonywana b\u0119dzie dokumentacja fotograficzna, kt\u00f3ra nast\u0119pnie zostanie opublikowana na stronie <a href=\"http:\/\/www.leczyca.info.pl\">parafia-klemensow.pl<\/a>, <a href=\"https:\/\/szkolapodstawowawbodaczowie.edupage.org\">https:\/\/szkolapodstawowawbodaczowie.edupage.org<\/a>, <a href=\"https:\/\/radiozamosc.pl\">https:\/\/radiozamosc.pl<\/a> na profilu facebookowym Katolickiego Stowarzyszenia M\u0142odzie\u017cy Diecezji Zamojsko-Lubaczowskiej, oraz parafii w Klemensowie<strong><\/strong><\/p>\n\n\n\n<p>UCZESTNICTWO W KONKURSIE JEST JEDNOCZE\u015aNIE WYRA\u017bENIEM ZGODY NA WYKORZYSTANIE WIZERUNKU W PODANYCH WY\u017bEJ MEDIACH W RAMACH RELACJI Z TEGO WYDARZENIA.<\/p>\n\n\n\n<p><strong>UWAGA:&nbsp;&nbsp;&nbsp;&nbsp;&nbsp;&nbsp;&nbsp;&nbsp;&nbsp;&nbsp;&nbsp;&nbsp;&nbsp;&nbsp;&nbsp;&nbsp;&nbsp;&nbsp;&nbsp;<\/strong><\/p>\n\n\n\n<p>Organizatorzy zastrzegaj\u0105 mo\u017cliwo\u015b\u0107 zmiany terminu biegu w przypadku wyst\u0105pienia niekorzystnych warunk\u00f3w atmosferycznych lub mo\u017cliwo\u015b\u0107 odwo\u0142ania biegu ze wzgl\u0119du na niekorzystne warunki atmosferyczne.<\/p>\n\n\n\n<p>Wszelkie informacje dotycz\u0105ce w\/w zawod\u00f3w zostan\u0105 zamieszczone na stronach&nbsp; internetowych: <a href=\"file:\/\/\/C:\/Users\/admin\/Downloads\/parafia-klemensow.pl\">parafia-klemensow.pl<\/a> , <a href=\"https:\/\/szkolapodstawowawbodaczowie.edupage.org\">szkolapodstawowawbodaczowie.edupage.org<\/a><\/p>\n\n\n\n<p><strong>Klauzula informacyjna:<\/strong><\/p>\n\n\n\n<ol start=\"1\" class=\"wp-block-list\">\n<li>Administratorem danych osobowych jest szko\u0142a Podstawowa im. Marii Konopnickiej<br>w Bodaczowie.\u00a0<\/li>\n\n\n\n<li>Kontakt z Inspektorem Ochrony Danych mo\u017cliwy jest pod adresem <a href=\"mailto:iod@zeto.lublin.pl\">iod@zeto.lublin.pl<\/a>.<\/li>\n\n\n\n<li>Dane osobowe Uczestnika b\u0119d\u0105 przetwarzane zgodnie z nast\u0119puj\u0105cymi celami:\u00a0<\/li>\n<\/ol>\n\n\n\n<p>\u2013 przeprowadzenie konkursu, wyb\u00f3r laureat\u00f3w i przyznanie nagr\u00f3d, rejestracja (d\u017awi\u0119ku, fotograficzna, wideo) do cel\u00f3w promocyjnych <strong>VI BIEGU PAPIESKIEGO IM. \u015aW. JANA PAW\u0141A II\u00a0KSM W BODACZOWIE<\/strong> na podstawie art. 6 ust. 1 lit. e RODO \u2013 przetwarzanie jest niezb\u0119dne do wykonania zadania realizowanego w interesie publicznym lub w ramach sprawowania w\u0142adzy publicznej powierzonej administratorowi;<\/p>\n\n\n\n<p>\u2013 rozpowszechnienia i upublicznienia danych osobowych Uczestnika w postaci: wizerunku, imienia i nazwiska, klasy, szko\u0142y w mediach spo\u0142eczno\u015bciowych i na stronach internetowych umieszczonych w regulaminie oraz urz\u0119du&nbsp; miejskiego w Szczebrzeszynie na podstawie art. 6 ust. 1 lit. a RODO<br>\u2013 osoba, kt\u00f3rej dane dotycz\u0105, wyrazi\u0142a zgod\u0119 na przetwarzanie swoich danych osobowych w jednym lub wi\u0119kszej liczbie okre\u015blonych cel\u00f3w.<\/p>\n\n\n\n<ol start=\"4\" class=\"wp-block-list\">\n<li>Dane mog\u0105 by\u0107 udost\u0119pnione podmiotom upowa\u017cnionym na podstawie przepis\u00f3w prawa oraz\u00a0 podmiotom \u015bwiadcz\u0105cym\u00a0 us\u0142ugi wsparcia i serwisu dla Szko\u0142y.<\/li>\n\n\n\n<li>Dane b\u0119d\u0105 przechowywane do czasu przeprowadzenia Biegu Papieskiego oraz zgodnie z wymaganiami prawnymi okre\u015blonymi w Rozporz\u0105dzeniu Prezesa Rady ministr\u00f3w z dnia 18 stycznia 2011 r. w sprawie instrukcji kancelaryjnej, jednolitych rzeczowych wykaz\u00f3w akt oraz instrukcji w sprawie organizacji i zakresu dzia\u0142ania archiw\u00f3w zak\u0142adowych.<\/li>\n\n\n\n<li>Maj\u0105 Pa\u0144stwo prawo: \u017c\u0105da\u0107 dost\u0119pu do danych osobowych swoich i dziecka, sprostowania danych, a tak\u017ce \u017c\u0105da\u0107 ich usuni\u0119cia i ograniczenia przetwarzania. Mo\u017cna r\u00f3wnie\u017c wyda\u0107 sprzeciw wobec przetwarzania.<\/li>\n\n\n\n<li>Przys\u0142uguje pa\u0144stwu prawo do cofni\u0119cia zgody na publikacj\u0119 wizerunku Uczestnika w dowolnym momencie bez wp\u0142ywu na zgodno\u015b\u0107 z prawem przetwarzania, kt\u00f3rego dokonano na podstawie zgody przed jej cofni\u0119ciem. Cofniecie zgody mo\u017cna zrealizowa\u0107 poprzez przes\u0142anie informacji na adres mail: <a href=\"mailto:iod.@zeto.lublin.pl\">iod.@zeto.lublin.pl<\/a> lub adres korespondencyjny zawarty w pkt. 1 niniejszej klauzuli.<\/li>\n\n\n\n<li>Maj\u0105 Pa\u0144stwo prawo do wniesienia skargi do Prezesa Urz\u0119du Ochrony Danych Osobowych \u2013 ul. stawki 2, Warszawa, gdy uznaj\u0105 pa\u0144stwo, \u017ce przetwarzanie danych osobowych Pani\/Pana narusza przepisy o ochronie danych osobowych.<\/li>\n\n\n\n<li>Podanie danych osobowych jest dobrowolne, ale ich niepodanie skutkuje brakiem mo\u017cliwo\u015bci wzi\u0119cia udzia\u0142u w konkursie. Dane przetwarzane na podstawie zgody s\u0105 dobrowolne i ich niepodanie nie skutkuje brakiem mo\u017cliwo\u015bci wzi\u0119cia udzia\u0142u w konkursie.<\/li>\n<\/ol>\n\n\n\n<p>DO POBRANIA:<\/p>\n\n\n\n<div class=\"wp-block-file\"><a id=\"wp-block-file--media-81aa1bf8-2fd5-4d27-b0e6-f0fbd12687f7\" href=\"https:\/\/parafia-klemensow.pl\/wp-content\/uploads\/2024\/09\/Regulamin-VI-Biegu-Papieskiego-2024-RODO.docx\">Regulamin-VI-Biegu-Papieskiego-2024 RODO<\/a><a href=\"https:\/\/parafia-klemensow.pl\/wp-content\/uploads\/2024\/09\/Regulamin-VI-Biegu-Papieskiego-2024-RODO.docx\" class=\"wp-block-file__button wp-element-button\" download aria-describedby=\"wp-block-file--media-81aa1bf8-2fd5-4d27-b0e6-f0fbd12687f7\">Pobierz<\/a><\/div>\n\n\n\n<div class=\"wp-block-file\"><a id=\"wp-block-file--media-45c7e942-07b0-4bb5-8f13-c7b1adf7634a\" href=\"https:\/\/parafia-klemensow.pl\/wp-content\/uploads\/2024\/09\/KARTA-ZGLOSZENIOWA-NA-VI-BIEG-PAPIESKI.docx\">KARTA ZG\u0141OSZENIOWA NA VI BIEG PAPIESKI<\/a><a href=\"https:\/\/parafia-klemensow.pl\/wp-content\/uploads\/2024\/09\/KARTA-ZGLOSZENIOWA-NA-VI-BIEG-PAPIESKI.docx\" class=\"wp-block-file__button wp-element-button\" download aria-describedby=\"wp-block-file--media-45c7e942-07b0-4bb5-8f13-c7b1adf7634a\">Pobierz<\/a><\/div>\n\n\n\n<div class=\"wp-block-file\"><a id=\"wp-block-file--media-473ac887-846f-4ff4-a6ae-1fb89ec488b8\" href=\"https:\/\/parafia-klemensow.pl\/wp-content\/uploads\/2024\/09\/VI-bieg-papieski-2024-plakat-1-scaled.jpg\">VI bieg papieski 2024 plakat<\/a><a href=\"https:\/\/parafia-klemensow.pl\/wp-content\/uploads\/2024\/09\/VI-bieg-papieski-2024-plakat-1-scaled.jpg\" class=\"wp-block-file__button wp-element-button\" download aria-describedby=\"wp-block-file--media-473ac887-846f-4ff4-a6ae-1fb89ec488b8\">Pobierz<\/a><\/div>\n","protected":false},"excerpt":{"rendered":"<p>Dnia 11 pa\u017adziernika br. odb\u0119dzie si\u0119 VI diecezjalny Bieg Papieski im. \u015bw. Jana Paw\u0142a II. Pragniemy zaprosi\u0107 szko\u0142y, organizacje, wsp\u00f3lnoty religijne, ko\u0142a [&hellip;]<\/p>\n","protected":false},"author":5,"featured_media":4250,"comment_status":"closed","ping_status":"open","sticky":false,"template":"","format":"standard","meta":{"footnotes":""},"categories":[13,1],"tags":[],"class_list":["post-4249","post","type-post","status-publish","format-standard","has-post-thumbnail","hentry","category-aktualnosci","category-kosciol"],"wppr_data":[],"_links":{"self":[{"href":"https:\/\/parafia-klemensow.pl\/index.php\/wp-json\/wp\/v2\/posts\/4249","targetHints":{"allow":["GET"]}}],"collection":[{"href":"https:\/\/parafia-klemensow.pl\/index.php\/wp-json\/wp\/v2\/posts"}],"about":[{"href":"https:\/\/parafia-klemensow.pl\/index.php\/wp-json\/wp\/v2\/types\/post"}],"author":[{"embeddable":true,"href":"https:\/\/parafia-klemensow.pl\/index.php\/wp-json\/wp\/v2\/users\/5"}],"replies":[{"embeddable":true,"href":"https:\/\/parafia-klemensow.pl\/index.php\/wp-json\/wp\/v2\/comments?post=4249"}],"version-history":[{"count":2,"href":"https:\/\/parafia-klemensow.pl\/index.php\/wp-json\/wp\/v2\/posts\/4249\/revisions"}],"predecessor-version":[{"id":4256,"href":"https:\/\/parafia-klemensow.pl\/index.php\/wp-json\/wp\/v2\/posts\/4249\/revisions\/4256"}],"wp:featuredmedia":[{"embeddable":true,"href":"https:\/\/parafia-klemensow.pl\/index.php\/wp-json\/wp\/v2\/media\/4250"}],"wp:attachment":[{"href":"https:\/\/parafia-klemensow.pl\/index.php\/wp-json\/wp\/v2\/media?parent=4249"}],"wp:term":[{"taxonomy":"category","embeddable":true,"href":"https:\/\/parafia-klemensow.pl\/index.php\/wp-json\/wp\/v2\/categories?post=4249"},{"taxonomy":"post_tag","embeddable":true,"href":"https:\/\/parafia-klemensow.pl\/index.php\/wp-json\/wp\/v2\/tags?post=4249"}],"curies":[{"name":"wp","href":"https:\/\/api.w.org\/{rel}","templated":true}]}}