{"id":4428,"date":"2025-03-22T14:46:25","date_gmt":"2025-03-22T13:46:25","guid":{"rendered":"https:\/\/parafia-klemensow.pl\/?p=4428"},"modified":"2025-03-22T14:46:25","modified_gmt":"2025-03-22T13:46:25","slug":"akatyst-ku-czici-bogarodzicy","status":"publish","type":"post","link":"https:\/\/parafia-klemensow.pl\/index.php\/2025\/03\/22\/akatyst-ku-czici-bogarodzicy\/","title":{"rendered":"AKATYST KU CZICI BOGARODZICY"},"content":{"rendered":"\n<p>\u00a0We wtorek w uroczysto\u015b\u0107 Zwiastowania Naj\u015bwi\u0119tszej Marii Panny zapraszamy do od\u015bpiewania akatystu po Mszy \u015bwi\u0119tej wieczornej.<\/p>\n\n\n","protected":false},"excerpt":{"rendered":"<p>\u00a0We wtorek w uroczysto\u015b\u0107 Zwiastowania Naj\u015bwi\u0119tszej Marii Panny zapraszamy do od\u015bpiewania akatystu po Mszy \u015bwi\u0119tej wieczornej.<\/p>\n","protected":false},"author":5,"featured_media":4429,"comment_status":"closed","ping_status":"open","sticky":false,"template":"","format":"standard","meta":{"footnotes":""},"categories":[13],"tags":[],"class_list":["post-4428","post","type-post","status-publish","format-standard","has-post-thumbnail","hentry","category-aktualnosci"],"wppr_data":[],"_links":{"self":[{"href":"https:\/\/parafia-klemensow.pl\/index.php\/wp-json\/wp\/v2\/posts\/4428","targetHints":{"allow":["GET"]}}],"collection":[{"href":"https:\/\/parafia-klemensow.pl\/index.php\/wp-json\/wp\/v2\/posts"}],"about":[{"href":"https:\/\/parafia-klemensow.pl\/index.php\/wp-json\/wp\/v2\/types\/post"}],"author":[{"embeddable":true,"href":"https:\/\/parafia-klemensow.pl\/index.php\/wp-json\/wp\/v2\/users\/5"}],"replies":[{"embeddable":true,"href":"https:\/\/parafia-klemensow.pl\/index.php\/wp-json\/wp\/v2\/comments?post=4428"}],"version-history":[{"count":1,"href":"https:\/\/parafia-klemensow.pl\/index.php\/wp-json\/wp\/v2\/posts\/4428\/revisions"}],"predecessor-version":[{"id":4431,"href":"https:\/\/parafia-klemensow.pl\/index.php\/wp-json\/wp\/v2\/posts\/4428\/revisions\/4431"}],"wp:featuredmedia":[{"embeddable":true,"href":"https:\/\/parafia-klemensow.pl\/index.php\/wp-json\/wp\/v2\/media\/4429"}],"wp:attachment":[{"href":"https:\/\/parafia-klemensow.pl\/index.php\/wp-json\/wp\/v2\/media?parent=4428"}],"wp:term":[{"taxonomy":"category","embeddable":true,"href":"https:\/\/parafia-klemensow.pl\/index.php\/wp-json\/wp\/v2\/categories?post=4428"},{"taxonomy":"post_tag","embeddable":true,"href":"https:\/\/parafia-klemensow.pl\/index.php\/wp-json\/wp\/v2\/tags?post=4428"}],"curies":[{"name":"wp","href":"https:\/\/api.w.org\/{rel}","templated":true}]}}