{"id":5187,"date":"2025-10-25T14:33:47","date_gmt":"2025-10-25T12:33:47","guid":{"rendered":"https:\/\/parafia-klemensow.pl\/?p=5187"},"modified":"2025-12-15T03:54:28","modified_gmt":"2025-12-15T02:54:28","slug":"wyjazd-na-strefe-mlodych-do-sosnowca","status":"publish","type":"post","link":"https:\/\/parafia-klemensow.pl\/index.php\/2025\/10\/25\/wyjazd-na-strefe-mlodych-do-sosnowca\/","title":{"rendered":"Wyjazd na &#8222;Stref\u0119 m\u0142odych&#8221; do Sosnowca"},"content":{"rendered":"\n<p>Wraz z m\u0142odzie\u017c\u0105 z KSM i Oazy udalismy si\u0119 na pe\u0142ne rado\u015bci, muzyki, ta\u0144ca, i ciekawych spotka\u0144 z go\u015b\u0107mi oraz \u015bwiadectw spotkanie m\u0142odzie\u017cy Diecezji Sosnowieckiej. Zapraszamy do obejrzeia galerii zdj\u0119\u0107 <\/p>\n\n\n\n<figure class=\"wp-block-gallery has-nested-images columns-default is-cropped wp-block-gallery-1 is-layout-flex wp-block-gallery-is-layout-flex\">\n<figure class=\"wp-block-image size-large\"><img loading=\"lazy\" decoding=\"async\" width=\"768\" height=\"1024\" data-id=\"5192\" src=\"https:\/\/parafia-klemensow.pl\/wp-content\/uploads\/2025\/12\/571217469_1259859792853480_8666227582663625913_n-768x1024.jpg\" alt=\"\" class=\"wp-image-5192\" srcset=\"https:\/\/parafia-klemensow.pl\/wp-content\/uploads\/2025\/12\/571217469_1259859792853480_8666227582663625913_n-768x1024.jpg 768w, https:\/\/parafia-klemensow.pl\/wp-content\/uploads\/2025\/12\/571217469_1259859792853480_8666227582663625913_n-225x300.jpg 225w, https:\/\/parafia-klemensow.pl\/wp-content\/uploads\/2025\/12\/571217469_1259859792853480_8666227582663625913_n-1152x1536.jpg 1152w, https:\/\/parafia-klemensow.pl\/wp-content\/uploads\/2025\/12\/571217469_1259859792853480_8666227582663625913_n-38x50.jpg 38w, https:\/\/parafia-klemensow.pl\/wp-content\/uploads\/2025\/12\/571217469_1259859792853480_8666227582663625913_n-1000x1333.jpg 1000w, https:\/\/parafia-klemensow.pl\/wp-content\/uploads\/2025\/12\/571217469_1259859792853480_8666227582663625913_n-230x307.jpg 230w, https:\/\/parafia-klemensow.pl\/wp-content\/uploads\/2025\/12\/571217469_1259859792853480_8666227582663625913_n-350x467.jpg 350w, https:\/\/parafia-klemensow.pl\/wp-content\/uploads\/2025\/12\/571217469_1259859792853480_8666227582663625913_n-480x640.jpg 480w, https:\/\/parafia-klemensow.pl\/wp-content\/uploads\/2025\/12\/571217469_1259859792853480_8666227582663625913_n.jpg 1536w\" sizes=\"auto, (max-width: 768px) 100vw, 768px\" \/><\/figure>\n\n\n\n<figure class=\"wp-block-image size-large\"><img loading=\"lazy\" decoding=\"async\" width=\"1024\" height=\"506\" data-id=\"5189\" src=\"https:\/\/parafia-klemensow.pl\/wp-content\/uploads\/2025\/12\/571275322_1259859636186829_4592099201451714211_n-1024x506.jpg\" alt=\"\" class=\"wp-image-5189\" srcset=\"https:\/\/parafia-klemensow.pl\/wp-content\/uploads\/2025\/12\/571275322_1259859636186829_4592099201451714211_n-1024x506.jpg 1024w, https:\/\/parafia-klemensow.pl\/wp-content\/uploads\/2025\/12\/571275322_1259859636186829_4592099201451714211_n-300x148.jpg 300w, https:\/\/parafia-klemensow.pl\/wp-content\/uploads\/2025\/12\/571275322_1259859636186829_4592099201451714211_n-768x379.jpg 768w, https:\/\/parafia-klemensow.pl\/wp-content\/uploads\/2025\/12\/571275322_1259859636186829_4592099201451714211_n-1536x758.jpg 1536w, https:\/\/parafia-klemensow.pl\/wp-content\/uploads\/2025\/12\/571275322_1259859636186829_4592099201451714211_n-50x25.jpg 50w, https:\/\/parafia-klemensow.pl\/wp-content\/uploads\/2025\/12\/571275322_1259859636186829_4592099201451714211_n-1000x494.jpg 1000w, https:\/\/parafia-klemensow.pl\/wp-content\/uploads\/2025\/12\/571275322_1259859636186829_4592099201451714211_n-230x114.jpg 230w, https:\/\/parafia-klemensow.pl\/wp-content\/uploads\/2025\/12\/571275322_1259859636186829_4592099201451714211_n-350x173.jpg 350w, https:\/\/parafia-klemensow.pl\/wp-content\/uploads\/2025\/12\/571275322_1259859636186829_4592099201451714211_n-480x237.jpg 480w, https:\/\/parafia-klemensow.pl\/wp-content\/uploads\/2025\/12\/571275322_1259859636186829_4592099201451714211_n.jpg 1920w\" sizes=\"auto, (max-width: 1024px) 100vw, 1024px\" \/><\/figure>\n\n\n\n<figure class=\"wp-block-image size-large\"><img loading=\"lazy\" decoding=\"async\" width=\"768\" height=\"1024\" data-id=\"5190\" src=\"https:\/\/parafia-klemensow.pl\/wp-content\/uploads\/2025\/12\/571771055_1259861449519981_3015168147023360117_n-768x1024.jpg\" alt=\"\" class=\"wp-image-5190\" srcset=\"https:\/\/parafia-klemensow.pl\/wp-content\/uploads\/2025\/12\/571771055_1259861449519981_3015168147023360117_n-768x1024.jpg 768w, https:\/\/parafia-klemensow.pl\/wp-content\/uploads\/2025\/12\/571771055_1259861449519981_3015168147023360117_n-225x300.jpg 225w, https:\/\/parafia-klemensow.pl\/wp-content\/uploads\/2025\/12\/571771055_1259861449519981_3015168147023360117_n-1152x1536.jpg 1152w, https:\/\/parafia-klemensow.pl\/wp-content\/uploads\/2025\/12\/571771055_1259861449519981_3015168147023360117_n-38x50.jpg 38w, https:\/\/parafia-klemensow.pl\/wp-content\/uploads\/2025\/12\/571771055_1259861449519981_3015168147023360117_n-1000x1333.jpg 1000w, https:\/\/parafia-klemensow.pl\/wp-content\/uploads\/2025\/12\/571771055_1259861449519981_3015168147023360117_n-230x307.jpg 230w, https:\/\/parafia-klemensow.pl\/wp-content\/uploads\/2025\/12\/571771055_1259861449519981_3015168147023360117_n-350x467.jpg 350w, https:\/\/parafia-klemensow.pl\/wp-content\/uploads\/2025\/12\/571771055_1259861449519981_3015168147023360117_n-480x640.jpg 480w, https:\/\/parafia-klemensow.pl\/wp-content\/uploads\/2025\/12\/571771055_1259861449519981_3015168147023360117_n.jpg 1200w\" sizes=\"auto, (max-width: 768px) 100vw, 768px\" \/><\/figure>\n\n\n\n<figure class=\"wp-block-image size-large\"><img loading=\"lazy\" decoding=\"async\" width=\"1024\" height=\"768\" data-id=\"5193\" src=\"https:\/\/parafia-klemensow.pl\/wp-content\/uploads\/2025\/12\/571152290_1259861576186635_9045697093126945572_n-1024x768.jpg\" alt=\"\" class=\"wp-image-5193\" srcset=\"https:\/\/parafia-klemensow.pl\/wp-content\/uploads\/2025\/12\/571152290_1259861576186635_9045697093126945572_n-1024x768.jpg 1024w, https:\/\/parafia-klemensow.pl\/wp-content\/uploads\/2025\/12\/571152290_1259861576186635_9045697093126945572_n-300x225.jpg 300w, https:\/\/parafia-klemensow.pl\/wp-content\/uploads\/2025\/12\/571152290_1259861576186635_9045697093126945572_n-768x576.jpg 768w, https:\/\/parafia-klemensow.pl\/wp-content\/uploads\/2025\/12\/571152290_1259861576186635_9045697093126945572_n-1536x1152.jpg 1536w, https:\/\/parafia-klemensow.pl\/wp-content\/uploads\/2025\/12\/571152290_1259861576186635_9045697093126945572_n-50x38.jpg 50w, https:\/\/parafia-klemensow.pl\/wp-content\/uploads\/2025\/12\/571152290_1259861576186635_9045697093126945572_n-1000x750.jpg 1000w, https:\/\/parafia-klemensow.pl\/wp-content\/uploads\/2025\/12\/571152290_1259861576186635_9045697093126945572_n-230x173.jpg 230w, https:\/\/parafia-klemensow.pl\/wp-content\/uploads\/2025\/12\/571152290_1259861576186635_9045697093126945572_n-350x263.jpg 350w, https:\/\/parafia-klemensow.pl\/wp-content\/uploads\/2025\/12\/571152290_1259861576186635_9045697093126945572_n-480x360.jpg 480w, https:\/\/parafia-klemensow.pl\/wp-content\/uploads\/2025\/12\/571152290_1259861576186635_9045697093126945572_n.jpg 2016w\" sizes=\"auto, (max-width: 1024px) 100vw, 1024px\" \/><\/figure>\n\n\n\n<figure class=\"wp-block-image size-large\"><img loading=\"lazy\" decoding=\"async\" width=\"1024\" height=\"759\" data-id=\"5188\" src=\"https:\/\/parafia-klemensow.pl\/wp-content\/uploads\/2025\/12\/571273511_1259861339519992_4476305130269509173_n-1024x759.jpg\" alt=\"\" class=\"wp-image-5188\" srcset=\"https:\/\/parafia-klemensow.pl\/wp-content\/uploads\/2025\/12\/571273511_1259861339519992_4476305130269509173_n-1024x759.jpg 1024w, https:\/\/parafia-klemensow.pl\/wp-content\/uploads\/2025\/12\/571273511_1259861339519992_4476305130269509173_n-300x222.jpg 300w, https:\/\/parafia-klemensow.pl\/wp-content\/uploads\/2025\/12\/571273511_1259861339519992_4476305130269509173_n-768x569.jpg 768w, https:\/\/parafia-klemensow.pl\/wp-content\/uploads\/2025\/12\/571273511_1259861339519992_4476305130269509173_n-50x37.jpg 50w, https:\/\/parafia-klemensow.pl\/wp-content\/uploads\/2025\/12\/571273511_1259861339519992_4476305130269509173_n-1000x741.jpg 1000w, https:\/\/parafia-klemensow.pl\/wp-content\/uploads\/2025\/12\/571273511_1259861339519992_4476305130269509173_n-230x171.jpg 230w, https:\/\/parafia-klemensow.pl\/wp-content\/uploads\/2025\/12\/571273511_1259861339519992_4476305130269509173_n-350x260.jpg 350w, https:\/\/parafia-klemensow.pl\/wp-content\/uploads\/2025\/12\/571273511_1259861339519992_4476305130269509173_n-480x356.jpg 480w, https:\/\/parafia-klemensow.pl\/wp-content\/uploads\/2025\/12\/571273511_1259861339519992_4476305130269509173_n.jpg 1052w\" sizes=\"auto, (max-width: 1024px) 100vw, 1024px\" \/><\/figure>\n\n\n\n<figure class=\"wp-block-image size-large\"><img loading=\"lazy\" decoding=\"async\" width=\"768\" height=\"1024\" data-id=\"5191\" src=\"https:\/\/parafia-klemensow.pl\/wp-content\/uploads\/2025\/12\/571274776_1259859729520153_216976891185091320_n-768x1024.jpg\" alt=\"\" class=\"wp-image-5191\" srcset=\"https:\/\/parafia-klemensow.pl\/wp-content\/uploads\/2025\/12\/571274776_1259859729520153_216976891185091320_n-768x1024.jpg 768w, https:\/\/parafia-klemensow.pl\/wp-content\/uploads\/2025\/12\/571274776_1259859729520153_216976891185091320_n-225x300.jpg 225w, https:\/\/parafia-klemensow.pl\/wp-content\/uploads\/2025\/12\/571274776_1259859729520153_216976891185091320_n-1152x1536.jpg 1152w, https:\/\/parafia-klemensow.pl\/wp-content\/uploads\/2025\/12\/571274776_1259859729520153_216976891185091320_n-38x50.jpg 38w, https:\/\/parafia-klemensow.pl\/wp-content\/uploads\/2025\/12\/571274776_1259859729520153_216976891185091320_n-1000x1333.jpg 1000w, https:\/\/parafia-klemensow.pl\/wp-content\/uploads\/2025\/12\/571274776_1259859729520153_216976891185091320_n-230x307.jpg 230w, https:\/\/parafia-klemensow.pl\/wp-content\/uploads\/2025\/12\/571274776_1259859729520153_216976891185091320_n-350x467.jpg 350w, https:\/\/parafia-klemensow.pl\/wp-content\/uploads\/2025\/12\/571274776_1259859729520153_216976891185091320_n-480x640.jpg 480w, https:\/\/parafia-klemensow.pl\/wp-content\/uploads\/2025\/12\/571274776_1259859729520153_216976891185091320_n.jpg 1200w\" sizes=\"auto, (max-width: 768px) 100vw, 768px\" \/><\/figure>\n<\/figure>\n","protected":false},"excerpt":{"rendered":"<p>Wraz z m\u0142odzie\u017c\u0105 z KSM i Oazy udalismy si\u0119 na pe\u0142ne rado\u015bci, muzyki, ta\u0144ca, i ciekawych spotka\u0144 z go\u015b\u0107mi oraz \u015bwiadectw spotkanie [&hellip;]<\/p>\n","protected":false},"author":5,"featured_media":5192,"comment_status":"closed","ping_status":"open","sticky":false,"template":"","format":"standard","meta":{"footnotes":""},"categories":[13,15],"tags":[],"class_list":["post-5187","post","type-post","status-publish","format-standard","has-post-thumbnail","hentry","category-aktualnosci","category-galeria-zdjec"],"wppr_data":[],"_links":{"self":[{"href":"https:\/\/parafia-klemensow.pl\/index.php\/wp-json\/wp\/v2\/posts\/5187","targetHints":{"allow":["GET"]}}],"collection":[{"href":"https:\/\/parafia-klemensow.pl\/index.php\/wp-json\/wp\/v2\/posts"}],"about":[{"href":"https:\/\/parafia-klemensow.pl\/index.php\/wp-json\/wp\/v2\/types\/post"}],"author":[{"embeddable":true,"href":"https:\/\/parafia-klemensow.pl\/index.php\/wp-json\/wp\/v2\/users\/5"}],"replies":[{"embeddable":true,"href":"https:\/\/parafia-klemensow.pl\/index.php\/wp-json\/wp\/v2\/comments?post=5187"}],"version-history":[{"count":1,"href":"https:\/\/parafia-klemensow.pl\/index.php\/wp-json\/wp\/v2\/posts\/5187\/revisions"}],"predecessor-version":[{"id":5194,"href":"https:\/\/parafia-klemensow.pl\/index.php\/wp-json\/wp\/v2\/posts\/5187\/revisions\/5194"}],"wp:featuredmedia":[{"embeddable":true,"href":"https:\/\/parafia-klemensow.pl\/index.php\/wp-json\/wp\/v2\/media\/5192"}],"wp:attachment":[{"href":"https:\/\/parafia-klemensow.pl\/index.php\/wp-json\/wp\/v2\/media?parent=5187"}],"wp:term":[{"taxonomy":"category","embeddable":true,"href":"https:\/\/parafia-klemensow.pl\/index.php\/wp-json\/wp\/v2\/categories?post=5187"},{"taxonomy":"post_tag","embeddable":true,"href":"https:\/\/parafia-klemensow.pl\/index.php\/wp-json\/wp\/v2\/tags?post=5187"}],"curies":[{"name":"wp","href":"https:\/\/api.w.org\/{rel}","templated":true}]}}