{"id":5195,"date":"2025-11-03T13:47:58","date_gmt":"2025-11-03T12:47:58","guid":{"rendered":"https:\/\/parafia-klemensow.pl\/?p=5195"},"modified":"2025-12-15T03:54:50","modified_gmt":"2025-12-15T02:54:50","slug":"noc-swietych","status":"publish","type":"post","link":"https:\/\/parafia-klemensow.pl\/index.php\/2025\/11\/03\/noc-swietych\/","title":{"rendered":"Noc \u015bwi\u0119tych"},"content":{"rendered":"\n<p>W wiecz\u00f3r poprzedzaj\u0105cy Uroczysto\u015b\u0107 Wszystkich \u015awi\u0119tych go\u015bcili\u015bmy w naszej parafii niezwyk\u0142ych go\u015bci &#8211; relikwie \u015bwi\u0119tych: Franciszka z Asy\u017cu, Antoniego Padewskiego, Andrzeja Boboli, Brata Alberta Chmielowskiego, Filomeny, Ojca Pio, Siostry Faustyny Kowalskiej, b\u0142. Kard. Stefana Wyszy\u0144skiego, Teresy od Jezusa oraz \u015bwietych Liba\u0144skich, Charbela, Al-Hardini i Nehme. Przy pomocy Harcerzy, oraz nowo powsta\u0142ej m\u0142odzie\u017cowej formacji \u015bpiewaczej przybli\u017cyli\u015bmy sobie posta\u0107 ka\u017cdej z nich a p\u00f3\u017aniej wraz z nimi poszli\u015bmy og\u0142osi\u0107 zapowied\u017a \u017cycia z nimi w niebie wszystkim zmar\u0142ym spoczywaj\u0105cym na naszym cmentarzu.<\/p>\n\n\n\n<figure class=\"wp-block-gallery aligncenter has-nested-images columns-default is-cropped wp-block-gallery-1 is-layout-flex wp-block-gallery-is-layout-flex\">\n<figure class=\"wp-block-image size-large\"><img loading=\"lazy\" decoding=\"async\" width=\"768\" height=\"1024\" data-id=\"5198\" src=\"https:\/\/parafia-klemensow.pl\/wp-content\/uploads\/2025\/12\/574274447_1265680305604762_5761265037526778523_n-768x1024.jpg\" alt=\"\" class=\"wp-image-5198\" srcset=\"https:\/\/parafia-klemensow.pl\/wp-content\/uploads\/2025\/12\/574274447_1265680305604762_5761265037526778523_n-768x1024.jpg 768w, https:\/\/parafia-klemensow.pl\/wp-content\/uploads\/2025\/12\/574274447_1265680305604762_5761265037526778523_n-225x300.jpg 225w, https:\/\/parafia-klemensow.pl\/wp-content\/uploads\/2025\/12\/574274447_1265680305604762_5761265037526778523_n-1152x1536.jpg 1152w, https:\/\/parafia-klemensow.pl\/wp-content\/uploads\/2025\/12\/574274447_1265680305604762_5761265037526778523_n-38x50.jpg 38w, https:\/\/parafia-klemensow.pl\/wp-content\/uploads\/2025\/12\/574274447_1265680305604762_5761265037526778523_n-1000x1333.jpg 1000w, https:\/\/parafia-klemensow.pl\/wp-content\/uploads\/2025\/12\/574274447_1265680305604762_5761265037526778523_n-230x307.jpg 230w, https:\/\/parafia-klemensow.pl\/wp-content\/uploads\/2025\/12\/574274447_1265680305604762_5761265037526778523_n-350x467.jpg 350w, https:\/\/parafia-klemensow.pl\/wp-content\/uploads\/2025\/12\/574274447_1265680305604762_5761265037526778523_n-480x640.jpg 480w, https:\/\/parafia-klemensow.pl\/wp-content\/uploads\/2025\/12\/574274447_1265680305604762_5761265037526778523_n.jpg 1536w\" sizes=\"auto, (max-width: 768px) 100vw, 768px\" \/><\/figure>\n\n\n\n<figure class=\"wp-block-image alignfull size-large\"><img loading=\"lazy\" decoding=\"async\" width=\"1024\" height=\"768\" data-id=\"5197\" src=\"https:\/\/parafia-klemensow.pl\/wp-content\/uploads\/2025\/12\/570569518_1265680418938084_1910925759841575705_n-1024x768.jpg\" alt=\"\" class=\"wp-image-5197\" srcset=\"https:\/\/parafia-klemensow.pl\/wp-content\/uploads\/2025\/12\/570569518_1265680418938084_1910925759841575705_n-1024x768.jpg 1024w, https:\/\/parafia-klemensow.pl\/wp-content\/uploads\/2025\/12\/570569518_1265680418938084_1910925759841575705_n-300x225.jpg 300w, https:\/\/parafia-klemensow.pl\/wp-content\/uploads\/2025\/12\/570569518_1265680418938084_1910925759841575705_n-768x576.jpg 768w, https:\/\/parafia-klemensow.pl\/wp-content\/uploads\/2025\/12\/570569518_1265680418938084_1910925759841575705_n-1536x1152.jpg 1536w, https:\/\/parafia-klemensow.pl\/wp-content\/uploads\/2025\/12\/570569518_1265680418938084_1910925759841575705_n-50x38.jpg 50w, https:\/\/parafia-klemensow.pl\/wp-content\/uploads\/2025\/12\/570569518_1265680418938084_1910925759841575705_n-1000x750.jpg 1000w, https:\/\/parafia-klemensow.pl\/wp-content\/uploads\/2025\/12\/570569518_1265680418938084_1910925759841575705_n-230x173.jpg 230w, https:\/\/parafia-klemensow.pl\/wp-content\/uploads\/2025\/12\/570569518_1265680418938084_1910925759841575705_n-350x263.jpg 350w, https:\/\/parafia-klemensow.pl\/wp-content\/uploads\/2025\/12\/570569518_1265680418938084_1910925759841575705_n-480x360.jpg 480w, https:\/\/parafia-klemensow.pl\/wp-content\/uploads\/2025\/12\/570569518_1265680418938084_1910925759841575705_n.jpg 2048w\" sizes=\"auto, (max-width: 1024px) 100vw, 1024px\" \/><\/figure>\n\n\n\n<figure class=\"wp-block-image size-large\"><img loading=\"lazy\" decoding=\"async\" width=\"1024\" height=\"768\" data-id=\"5202\" src=\"https:\/\/parafia-klemensow.pl\/wp-content\/uploads\/2025\/12\/574560409_1265680688938057_2856821565276973560_n-1024x768.jpg\" alt=\"\" class=\"wp-image-5202\" srcset=\"https:\/\/parafia-klemensow.pl\/wp-content\/uploads\/2025\/12\/574560409_1265680688938057_2856821565276973560_n-1024x768.jpg 1024w, https:\/\/parafia-klemensow.pl\/wp-content\/uploads\/2025\/12\/574560409_1265680688938057_2856821565276973560_n-300x225.jpg 300w, https:\/\/parafia-klemensow.pl\/wp-content\/uploads\/2025\/12\/574560409_1265680688938057_2856821565276973560_n-768x576.jpg 768w, https:\/\/parafia-klemensow.pl\/wp-content\/uploads\/2025\/12\/574560409_1265680688938057_2856821565276973560_n-1536x1152.jpg 1536w, https:\/\/parafia-klemensow.pl\/wp-content\/uploads\/2025\/12\/574560409_1265680688938057_2856821565276973560_n-50x38.jpg 50w, https:\/\/parafia-klemensow.pl\/wp-content\/uploads\/2025\/12\/574560409_1265680688938057_2856821565276973560_n-1000x750.jpg 1000w, https:\/\/parafia-klemensow.pl\/wp-content\/uploads\/2025\/12\/574560409_1265680688938057_2856821565276973560_n-230x173.jpg 230w, https:\/\/parafia-klemensow.pl\/wp-content\/uploads\/2025\/12\/574560409_1265680688938057_2856821565276973560_n-350x263.jpg 350w, https:\/\/parafia-klemensow.pl\/wp-content\/uploads\/2025\/12\/574560409_1265680688938057_2856821565276973560_n-480x360.jpg 480w, https:\/\/parafia-klemensow.pl\/wp-content\/uploads\/2025\/12\/574560409_1265680688938057_2856821565276973560_n.jpg 2048w\" sizes=\"auto, (max-width: 1024px) 100vw, 1024px\" \/><\/figure>\n\n\n\n<figure class=\"wp-block-image size-large\"><img loading=\"lazy\" decoding=\"async\" width=\"1024\" height=\"768\" data-id=\"5203\" src=\"https:\/\/parafia-klemensow.pl\/wp-content\/uploads\/2025\/12\/575168306_1265680658938060_8606266169759503247_n-1024x768.jpg\" alt=\"\" class=\"wp-image-5203\" srcset=\"https:\/\/parafia-klemensow.pl\/wp-content\/uploads\/2025\/12\/575168306_1265680658938060_8606266169759503247_n-1024x768.jpg 1024w, https:\/\/parafia-klemensow.pl\/wp-content\/uploads\/2025\/12\/575168306_1265680658938060_8606266169759503247_n-300x225.jpg 300w, https:\/\/parafia-klemensow.pl\/wp-content\/uploads\/2025\/12\/575168306_1265680658938060_8606266169759503247_n-768x576.jpg 768w, https:\/\/parafia-klemensow.pl\/wp-content\/uploads\/2025\/12\/575168306_1265680658938060_8606266169759503247_n-1536x1152.jpg 1536w, https:\/\/parafia-klemensow.pl\/wp-content\/uploads\/2025\/12\/575168306_1265680658938060_8606266169759503247_n-50x38.jpg 50w, https:\/\/parafia-klemensow.pl\/wp-content\/uploads\/2025\/12\/575168306_1265680658938060_8606266169759503247_n-1000x750.jpg 1000w, https:\/\/parafia-klemensow.pl\/wp-content\/uploads\/2025\/12\/575168306_1265680658938060_8606266169759503247_n-230x173.jpg 230w, https:\/\/parafia-klemensow.pl\/wp-content\/uploads\/2025\/12\/575168306_1265680658938060_8606266169759503247_n-350x263.jpg 350w, https:\/\/parafia-klemensow.pl\/wp-content\/uploads\/2025\/12\/575168306_1265680658938060_8606266169759503247_n-480x360.jpg 480w, https:\/\/parafia-klemensow.pl\/wp-content\/uploads\/2025\/12\/575168306_1265680658938060_8606266169759503247_n.jpg 2048w\" sizes=\"auto, (max-width: 1024px) 100vw, 1024px\" \/><\/figure>\n\n\n\n<figure class=\"wp-block-image size-large\"><img loading=\"lazy\" decoding=\"async\" width=\"1024\" height=\"768\" data-id=\"5199\" src=\"https:\/\/parafia-klemensow.pl\/wp-content\/uploads\/2025\/12\/571243327_1265680632271396_6638660342451350332_n-1024x768.jpg\" alt=\"\" class=\"wp-image-5199\" srcset=\"https:\/\/parafia-klemensow.pl\/wp-content\/uploads\/2025\/12\/571243327_1265680632271396_6638660342451350332_n-1024x768.jpg 1024w, https:\/\/parafia-klemensow.pl\/wp-content\/uploads\/2025\/12\/571243327_1265680632271396_6638660342451350332_n-300x225.jpg 300w, https:\/\/parafia-klemensow.pl\/wp-content\/uploads\/2025\/12\/571243327_1265680632271396_6638660342451350332_n-768x576.jpg 768w, https:\/\/parafia-klemensow.pl\/wp-content\/uploads\/2025\/12\/571243327_1265680632271396_6638660342451350332_n-1536x1152.jpg 1536w, https:\/\/parafia-klemensow.pl\/wp-content\/uploads\/2025\/12\/571243327_1265680632271396_6638660342451350332_n-50x38.jpg 50w, https:\/\/parafia-klemensow.pl\/wp-content\/uploads\/2025\/12\/571243327_1265680632271396_6638660342451350332_n-1000x750.jpg 1000w, https:\/\/parafia-klemensow.pl\/wp-content\/uploads\/2025\/12\/571243327_1265680632271396_6638660342451350332_n-230x173.jpg 230w, https:\/\/parafia-klemensow.pl\/wp-content\/uploads\/2025\/12\/571243327_1265680632271396_6638660342451350332_n-350x263.jpg 350w, https:\/\/parafia-klemensow.pl\/wp-content\/uploads\/2025\/12\/571243327_1265680632271396_6638660342451350332_n-480x360.jpg 480w, https:\/\/parafia-klemensow.pl\/wp-content\/uploads\/2025\/12\/571243327_1265680632271396_6638660342451350332_n.jpg 2048w\" sizes=\"auto, (max-width: 1024px) 100vw, 1024px\" \/><\/figure>\n\n\n\n<figure class=\"wp-block-image size-large\"><img loading=\"lazy\" decoding=\"async\" width=\"768\" height=\"1024\" data-id=\"5200\" src=\"https:\/\/parafia-klemensow.pl\/wp-content\/uploads\/2025\/12\/571155139_1265680582271401_1643018563715048364_n-768x1024.jpg\" alt=\"\" class=\"wp-image-5200\" srcset=\"https:\/\/parafia-klemensow.pl\/wp-content\/uploads\/2025\/12\/571155139_1265680582271401_1643018563715048364_n-768x1024.jpg 768w, https:\/\/parafia-klemensow.pl\/wp-content\/uploads\/2025\/12\/571155139_1265680582271401_1643018563715048364_n-225x300.jpg 225w, https:\/\/parafia-klemensow.pl\/wp-content\/uploads\/2025\/12\/571155139_1265680582271401_1643018563715048364_n-1152x1536.jpg 1152w, https:\/\/parafia-klemensow.pl\/wp-content\/uploads\/2025\/12\/571155139_1265680582271401_1643018563715048364_n-38x50.jpg 38w, https:\/\/parafia-klemensow.pl\/wp-content\/uploads\/2025\/12\/571155139_1265680582271401_1643018563715048364_n-1000x1333.jpg 1000w, https:\/\/parafia-klemensow.pl\/wp-content\/uploads\/2025\/12\/571155139_1265680582271401_1643018563715048364_n-230x307.jpg 230w, https:\/\/parafia-klemensow.pl\/wp-content\/uploads\/2025\/12\/571155139_1265680582271401_1643018563715048364_n-350x467.jpg 350w, https:\/\/parafia-klemensow.pl\/wp-content\/uploads\/2025\/12\/571155139_1265680582271401_1643018563715048364_n-480x640.jpg 480w, https:\/\/parafia-klemensow.pl\/wp-content\/uploads\/2025\/12\/571155139_1265680582271401_1643018563715048364_n.jpg 1536w\" sizes=\"auto, (max-width: 768px) 100vw, 768px\" \/><\/figure>\n\n\n\n<figure class=\"wp-block-image size-large\"><img loading=\"lazy\" decoding=\"async\" width=\"768\" height=\"1024\" data-id=\"5201\" src=\"https:\/\/parafia-klemensow.pl\/wp-content\/uploads\/2025\/12\/573349599_1265680492271410_6322562239520287544_n-1-768x1024.jpg\" alt=\"\" class=\"wp-image-5201\" srcset=\"https:\/\/parafia-klemensow.pl\/wp-content\/uploads\/2025\/12\/573349599_1265680492271410_6322562239520287544_n-1-768x1024.jpg 768w, https:\/\/parafia-klemensow.pl\/wp-content\/uploads\/2025\/12\/573349599_1265680492271410_6322562239520287544_n-1-225x300.jpg 225w, https:\/\/parafia-klemensow.pl\/wp-content\/uploads\/2025\/12\/573349599_1265680492271410_6322562239520287544_n-1-1152x1536.jpg 1152w, https:\/\/parafia-klemensow.pl\/wp-content\/uploads\/2025\/12\/573349599_1265680492271410_6322562239520287544_n-1-38x50.jpg 38w, https:\/\/parafia-klemensow.pl\/wp-content\/uploads\/2025\/12\/573349599_1265680492271410_6322562239520287544_n-1-1000x1333.jpg 1000w, https:\/\/parafia-klemensow.pl\/wp-content\/uploads\/2025\/12\/573349599_1265680492271410_6322562239520287544_n-1-230x307.jpg 230w, https:\/\/parafia-klemensow.pl\/wp-content\/uploads\/2025\/12\/573349599_1265680492271410_6322562239520287544_n-1-350x467.jpg 350w, https:\/\/parafia-klemensow.pl\/wp-content\/uploads\/2025\/12\/573349599_1265680492271410_6322562239520287544_n-1-480x640.jpg 480w, https:\/\/parafia-klemensow.pl\/wp-content\/uploads\/2025\/12\/573349599_1265680492271410_6322562239520287544_n-1.jpg 1536w\" sizes=\"auto, (max-width: 768px) 100vw, 768px\" \/><\/figure>\n\n\n\n<figure class=\"wp-block-image size-large\"><img loading=\"lazy\" decoding=\"async\" width=\"768\" height=\"1024\" data-id=\"5204\" src=\"https:\/\/parafia-klemensow.pl\/wp-content\/uploads\/2025\/12\/575128457_1265680538938072_3224921697137790801_n-768x1024.jpg\" alt=\"\" class=\"wp-image-5204\" srcset=\"https:\/\/parafia-klemensow.pl\/wp-content\/uploads\/2025\/12\/575128457_1265680538938072_3224921697137790801_n-768x1024.jpg 768w, https:\/\/parafia-klemensow.pl\/wp-content\/uploads\/2025\/12\/575128457_1265680538938072_3224921697137790801_n-225x300.jpg 225w, https:\/\/parafia-klemensow.pl\/wp-content\/uploads\/2025\/12\/575128457_1265680538938072_3224921697137790801_n-1152x1536.jpg 1152w, https:\/\/parafia-klemensow.pl\/wp-content\/uploads\/2025\/12\/575128457_1265680538938072_3224921697137790801_n-38x50.jpg 38w, https:\/\/parafia-klemensow.pl\/wp-content\/uploads\/2025\/12\/575128457_1265680538938072_3224921697137790801_n-1000x1333.jpg 1000w, https:\/\/parafia-klemensow.pl\/wp-content\/uploads\/2025\/12\/575128457_1265680538938072_3224921697137790801_n-230x307.jpg 230w, https:\/\/parafia-klemensow.pl\/wp-content\/uploads\/2025\/12\/575128457_1265680538938072_3224921697137790801_n-350x467.jpg 350w, https:\/\/parafia-klemensow.pl\/wp-content\/uploads\/2025\/12\/575128457_1265680538938072_3224921697137790801_n-480x640.jpg 480w, https:\/\/parafia-klemensow.pl\/wp-content\/uploads\/2025\/12\/575128457_1265680538938072_3224921697137790801_n.jpg 1536w\" sizes=\"auto, (max-width: 768px) 100vw, 768px\" \/><\/figure>\n<\/figure>\n","protected":false},"excerpt":{"rendered":"<p>W wiecz\u00f3r poprzedzaj\u0105cy Uroczysto\u015b\u0107 Wszystkich \u015awi\u0119tych go\u015bcili\u015bmy w naszej parafii niezwyk\u0142ych go\u015bci &#8211; relikwie \u015bwi\u0119tych: Franciszka z Asy\u017cu, Antoniego Padewskiego, Andrzeja Boboli, [&hellip;]<\/p>\n","protected":false},"author":5,"featured_media":5199,"comment_status":"closed","ping_status":"open","sticky":false,"template":"","format":"standard","meta":{"footnotes":""},"categories":[13,15],"tags":[],"class_list":["post-5195","post","type-post","status-publish","format-standard","has-post-thumbnail","hentry","category-aktualnosci","category-galeria-zdjec"],"wppr_data":[],"_links":{"self":[{"href":"https:\/\/parafia-klemensow.pl\/index.php\/wp-json\/wp\/v2\/posts\/5195","targetHints":{"allow":["GET"]}}],"collection":[{"href":"https:\/\/parafia-klemensow.pl\/index.php\/wp-json\/wp\/v2\/posts"}],"about":[{"href":"https:\/\/parafia-klemensow.pl\/index.php\/wp-json\/wp\/v2\/types\/post"}],"author":[{"embeddable":true,"href":"https:\/\/parafia-klemensow.pl\/index.php\/wp-json\/wp\/v2\/users\/5"}],"replies":[{"embeddable":true,"href":"https:\/\/parafia-klemensow.pl\/index.php\/wp-json\/wp\/v2\/comments?post=5195"}],"version-history":[{"count":1,"href":"https:\/\/parafia-klemensow.pl\/index.php\/wp-json\/wp\/v2\/posts\/5195\/revisions"}],"predecessor-version":[{"id":5205,"href":"https:\/\/parafia-klemensow.pl\/index.php\/wp-json\/wp\/v2\/posts\/5195\/revisions\/5205"}],"wp:featuredmedia":[{"embeddable":true,"href":"https:\/\/parafia-klemensow.pl\/index.php\/wp-json\/wp\/v2\/media\/5199"}],"wp:attachment":[{"href":"https:\/\/parafia-klemensow.pl\/index.php\/wp-json\/wp\/v2\/media?parent=5195"}],"wp:term":[{"taxonomy":"category","embeddable":true,"href":"https:\/\/parafia-klemensow.pl\/index.php\/wp-json\/wp\/v2\/categories?post=5195"},{"taxonomy":"post_tag","embeddable":true,"href":"https:\/\/parafia-klemensow.pl\/index.php\/wp-json\/wp\/v2\/tags?post=5195"}],"curies":[{"name":"wp","href":"https:\/\/api.w.org\/{rel}","templated":true}]}}